{"id":19571,"date":"2023-06-12T11:42:25","date_gmt":"2023-06-12T10:42:25","guid":{"rendered":"https:\/\/prvimaj.hr\/?p=19571"},"modified":"2023-06-12T11:42:47","modified_gmt":"2023-06-12T10:42:47","slug":"maria-ruzic","status":"publish","type":"post","link":"https:\/\/prvimaj.hr\/?p=19571","title":{"rendered":"Maria  Ru\u017ei\u0107"},"content":{"rendered":"<p>S tugom u srcu javljamo rodbini, prijateljima i znancima da nas je u nedjelju 11.06.2023. godine u 96. godini \u017eivota napustila na\u0161a voljena<\/p>\n<h2 style=\"text-align: center\"><strong><em>MARIA\u00a0 \u00a0 \u00a0 RU\u017dI\u0106<\/em><\/strong><\/h2>\n<h3 style=\"text-align: center\"><em>( ro\u0111. Mikoloski )<\/em><\/h3>\n<p><!--more--><\/p>\n<p>Posljednji ispra\u0107aj na\u0161e voljene pokojnice biti \u0107e u utorak 13.06.2023. godine u 14,00 sati iz crkve u Ripendi na mjesno groblje.<\/p>\n<p><em><strong>O\u017ealo\u0161\u0107eni:\u00a0<\/strong><\/em>sin BRUNO, k\u0107erke NEVENKA i MARIJA, nevjesta SHIRLEY, zet FRANKO, ZORAN, unuci SANDRA, VEDRANA s MIHAELOM, BRUNITO, ALENKA s DORIJANOM, i INES s MARIOM, praunuci KARLO, NICOLE, LEONIE, LAURA, RAYAN, IVANO i IVONA, te ostala tuguju\u0107a rodbina.<\/p>\n\n\n<p><\/p>\n","protected":false},"excerpt":{"rendered":"<p>S tugom u srcu javljamo rodbini, prijateljima i znancima da nas je u nedjelju 11.06.2023. godine u 96. godini \u017eivota napustila na\u0161a voljena MARIA\u00a0 \u00a0 \u00a0 RU\u017dI\u0106 ( ro\u0111. Mikoloski )<\/p>\n","protected":false},"author":3,"featured_media":19570,"comment_status":"closed","ping_status":"closed","sticky":false,"template":"","format":"standard","meta":[],"categories":[3],"tags":[],"_links":{"self":[{"href":"https:\/\/prvimaj.hr\/index.php?rest_route=\/wp\/v2\/posts\/19571"}],"collection":[{"href":"https:\/\/prvimaj.hr\/index.php?rest_route=\/wp\/v2\/posts"}],"about":[{"href":"https:\/\/prvimaj.hr\/index.php?rest_route=\/wp\/v2\/types\/post"}],"author":[{"embeddable":true,"href":"https:\/\/prvimaj.hr\/index.php?rest_route=\/wp\/v2\/users\/3"}],"replies":[{"embeddable":true,"href":"https:\/\/prvimaj.hr\/index.php?rest_route=%2Fwp%2Fv2%2Fcomments&post=19571"}],"version-history":[{"count":3,"href":"https:\/\/prvimaj.hr\/index.php?rest_route=\/wp\/v2\/posts\/19571\/revisions"}],"predecessor-version":[{"id":19574,"href":"https:\/\/prvimaj.hr\/index.php?rest_route=\/wp\/v2\/posts\/19571\/revisions\/19574"}],"wp:featuredmedia":[{"embeddable":true,"href":"https:\/\/prvimaj.hr\/index.php?rest_route=\/wp\/v2\/media\/19570"}],"wp:attachment":[{"href":"https:\/\/prvimaj.hr\/index.php?rest_route=%2Fwp%2Fv2%2Fmedia&parent=19571"}],"wp:term":[{"taxonomy":"category","embeddable":true,"href":"https:\/\/prvimaj.hr\/index.php?rest_route=%2Fwp%2Fv2%2Fcategories&post=19571"},{"taxonomy":"post_tag","embeddable":true,"href":"https:\/\/prvimaj.hr\/index.php?rest_route=%2Fwp%2Fv2%2Ftags&post=19571"}],"curies":[{"name":"wp","href":"https:\/\/api.w.org\/{rel}","templated":true}]}}