{"id":19600,"date":"2023-06-16T10:57:14","date_gmt":"2023-06-16T09:57:14","guid":{"rendered":"https:\/\/prvimaj.hr\/?p=19600"},"modified":"2023-06-16T10:57:27","modified_gmt":"2023-06-16T09:57:27","slug":"dina-mandic","status":"publish","type":"post","link":"https:\/\/prvimaj.hr\/?p=19600","title":{"rendered":"Dina Mandi\u0107"},"content":{"rendered":"<p>S tugom u srcu javljamo rodbini, prijateljima i znancima a nas je u \u010detvrtak 15.06.2023. godine u 88- oj godini \u017eivota napustila na\u0161a voljena<\/p>\n<h2 style=\"text-align: center\"><em><strong>DINA&nbsp; MANDI\u0106<\/strong><\/em><\/h2>\n<h3 style=\"text-align: center\"><em><strong>( iz Potpi\u0107na )<\/strong><\/em><\/h3>\n<p><!--more-->Posljednji ispra\u0107aj na\u0161e voljene pokojnice biti \u0107e u subotu 17.06.2023. godine u krugu obitelji iz crkve na Brdu &#8211; \u0160u\u0161njevica na mjesno groblje.<\/p>\n<p><em><strong>O\u017ealo\u0161\u0107eni:&nbsp;<\/strong><\/em>sin DAVOR, k\u0107erka ENI sa MARIOM, unuk MLADEN sa JADRANKOM, praunuci KARLOS, EMILI i NATALI, sestre RITA i DRAGICA sa familijama, te ostala tuguju\u0107a rodbina.<\/p>\n","protected":false},"excerpt":{"rendered":"<p>S tugom u srcu javljamo rodbini, prijateljima i znancima a nas je u \u010detvrtak 15.06.2023. godine u 88- oj godini \u017eivota napustila na\u0161a voljena DINA&nbsp; MANDI\u0106 ( iz Potpi\u0107na )<\/p>\n","protected":false},"author":3,"featured_media":19601,"comment_status":"closed","ping_status":"closed","sticky":false,"template":"","format":"standard","meta":[],"categories":[3],"tags":[],"_links":{"self":[{"href":"https:\/\/prvimaj.hr\/index.php?rest_route=\/wp\/v2\/posts\/19600"}],"collection":[{"href":"https:\/\/prvimaj.hr\/index.php?rest_route=\/wp\/v2\/posts"}],"about":[{"href":"https:\/\/prvimaj.hr\/index.php?rest_route=\/wp\/v2\/types\/post"}],"author":[{"embeddable":true,"href":"https:\/\/prvimaj.hr\/index.php?rest_route=\/wp\/v2\/users\/3"}],"replies":[{"embeddable":true,"href":"https:\/\/prvimaj.hr\/index.php?rest_route=%2Fwp%2Fv2%2Fcomments&post=19600"}],"version-history":[{"count":2,"href":"https:\/\/prvimaj.hr\/index.php?rest_route=\/wp\/v2\/posts\/19600\/revisions"}],"predecessor-version":[{"id":19603,"href":"https:\/\/prvimaj.hr\/index.php?rest_route=\/wp\/v2\/posts\/19600\/revisions\/19603"}],"wp:featuredmedia":[{"embeddable":true,"href":"https:\/\/prvimaj.hr\/index.php?rest_route=\/wp\/v2\/media\/19601"}],"wp:attachment":[{"href":"https:\/\/prvimaj.hr\/index.php?rest_route=%2Fwp%2Fv2%2Fmedia&parent=19600"}],"wp:term":[{"taxonomy":"category","embeddable":true,"href":"https:\/\/prvimaj.hr\/index.php?rest_route=%2Fwp%2Fv2%2Fcategories&post=19600"},{"taxonomy":"post_tag","embeddable":true,"href":"https:\/\/prvimaj.hr\/index.php?rest_route=%2Fwp%2Fv2%2Ftags&post=19600"}],"curies":[{"name":"wp","href":"https:\/\/api.w.org\/{rel}","templated":true}]}}