{"id":19605,"date":"2023-06-16T12:15:48","date_gmt":"2023-06-16T11:15:48","guid":{"rendered":"https:\/\/prvimaj.hr\/?p=19605"},"modified":"2023-06-16T12:16:02","modified_gmt":"2023-06-16T11:16:02","slug":"sredoje-malic","status":"publish","type":"post","link":"https:\/\/prvimaj.hr\/?p=19605","title":{"rendered":"Sredoje  Mali\u0107"},"content":{"rendered":"<p>U dubokoj boli javljamo rodbini, prijateljima i znancima da nas je u \u010detvrtak 15.06.2023. godine u 84. godini \u017eivota napustio na\u0161 voljeni<\/p>\n<h2 style=\"text-align: center\"><strong><em>SREDOJE&nbsp; &nbsp; &nbsp;MALI\u0106<\/em><\/strong><\/h2>\n<h3 style=\"text-align: center\"><strong><em>( iz Labina )<\/em><\/strong><\/h3>\n<p><!--more--><\/p>\n<p>Posljednji ispra\u0107aj na\u0161eg voljenog pokojnika biti \u0107e u subotu 17.06.2023. godine u 16,00 sati iz Komemorativnog centra u Labinu na gradsko groblje.<\/p>\n<p><em><strong>O\u017ealo\u0161\u0107eni:&nbsp;<\/strong><\/em>sinovi MILENKO i AN\u0110ELKO, k\u0107erka MILADINKA, nevjeste GORDANA i LJUBINKA, unuci MARKO s ADRIANOM, TAMARA s BOJANOM, MARTINA s ALEKSANDROM, IVA s TONIJEM, ALEKSANDAR s LAROM, NIKOLA s IVANOM i ANASTASIJA praunuci OGNJEN, ANGELA, SERGEJ i STEFAN, te ostala tuguju\u0107a rodbina.<\/p>\n\n\n<p><\/p>\n","protected":false},"excerpt":{"rendered":"<p>U dubokoj boli javljamo rodbini, prijateljima i znancima da nas je u \u010detvrtak 15.06.2023. godine u 84. godini \u017eivota napustio na\u0161 voljeni SREDOJE&nbsp; &nbsp; &nbsp;MALI\u0106 ( iz Labina )<\/p>\n","protected":false},"author":3,"featured_media":19604,"comment_status":"closed","ping_status":"closed","sticky":false,"template":"","format":"standard","meta":[],"categories":[3],"tags":[],"_links":{"self":[{"href":"https:\/\/prvimaj.hr\/index.php?rest_route=\/wp\/v2\/posts\/19605"}],"collection":[{"href":"https:\/\/prvimaj.hr\/index.php?rest_route=\/wp\/v2\/posts"}],"about":[{"href":"https:\/\/prvimaj.hr\/index.php?rest_route=\/wp\/v2\/types\/post"}],"author":[{"embeddable":true,"href":"https:\/\/prvimaj.hr\/index.php?rest_route=\/wp\/v2\/users\/3"}],"replies":[{"embeddable":true,"href":"https:\/\/prvimaj.hr\/index.php?rest_route=%2Fwp%2Fv2%2Fcomments&post=19605"}],"version-history":[{"count":2,"href":"https:\/\/prvimaj.hr\/index.php?rest_route=\/wp\/v2\/posts\/19605\/revisions"}],"predecessor-version":[{"id":19607,"href":"https:\/\/prvimaj.hr\/index.php?rest_route=\/wp\/v2\/posts\/19605\/revisions\/19607"}],"wp:featuredmedia":[{"embeddable":true,"href":"https:\/\/prvimaj.hr\/index.php?rest_route=\/wp\/v2\/media\/19604"}],"wp:attachment":[{"href":"https:\/\/prvimaj.hr\/index.php?rest_route=%2Fwp%2Fv2%2Fmedia&parent=19605"}],"wp:term":[{"taxonomy":"category","embeddable":true,"href":"https:\/\/prvimaj.hr\/index.php?rest_route=%2Fwp%2Fv2%2Fcategories&post=19605"},{"taxonomy":"post_tag","embeddable":true,"href":"https:\/\/prvimaj.hr\/index.php?rest_route=%2Fwp%2Fv2%2Ftags&post=19605"}],"curies":[{"name":"wp","href":"https:\/\/api.w.org\/{rel}","templated":true}]}}