{"id":19617,"date":"2023-06-19T07:31:40","date_gmt":"2023-06-19T06:31:40","guid":{"rendered":"https:\/\/prvimaj.hr\/?p=19617"},"modified":"2023-06-19T07:31:51","modified_gmt":"2023-06-19T06:31:51","slug":"anka-bilic","status":"publish","type":"post","link":"https:\/\/prvimaj.hr\/?p=19617","title":{"rendered":"Anka Bili\u0107"},"content":{"rendered":"<p>U dubokoj boli javljamo rodbini, prijateljima i znancima da nas je u subotu 17.06.2023. godine u 72- oj godini \u017eivota napustila na\u0161a voljena<\/p>\n<h2 style=\"text-align: center\"><em><strong>ANKA&nbsp; &nbsp;BILI\u0106<\/strong><\/em><\/h2>\n<h3 style=\"text-align: center\"><em><strong>( \u017deljka ro\u0111. Luke\u017e )<\/strong><\/em><\/h3>\n<p><!--more-->Posljednji ispra\u0107aj na\u0161e voljene pokojnice biti \u0107e u utorak 20.06.2023. godine u 15,00 sati iz Komemorativnog centra u Ko\u017eljaku na mjesno groblje.<\/p>\n<p><em><strong>O\u017ealo\u0161\u0107eni:&nbsp;<\/strong><\/em>suprug IVICA, k\u0107erka IVANA, sin MARINO, zet LU\u010cANO, nevjesta NIKOLINA, unuci LUKA i ANA, brat VLADO s obitelji, sestre MARIJA, NEVENKA i VENERANDA s obitelji, kunjade MARIJA i ZDENKA s obitelji, te ostala tuguju\u0107a rodbina.<\/p>\n","protected":false},"excerpt":{"rendered":"<p>U dubokoj boli javljamo rodbini, prijateljima i znancima da nas je u subotu 17.06.2023. godine u 72- oj godini \u017eivota napustila na\u0161a voljena ANKA&nbsp; &nbsp;BILI\u0106 ( \u017deljka ro\u0111. Luke\u017e )<\/p>\n","protected":false},"author":3,"featured_media":19618,"comment_status":"closed","ping_status":"closed","sticky":false,"template":"","format":"standard","meta":[],"categories":[3],"tags":[],"_links":{"self":[{"href":"https:\/\/prvimaj.hr\/index.php?rest_route=\/wp\/v2\/posts\/19617"}],"collection":[{"href":"https:\/\/prvimaj.hr\/index.php?rest_route=\/wp\/v2\/posts"}],"about":[{"href":"https:\/\/prvimaj.hr\/index.php?rest_route=\/wp\/v2\/types\/post"}],"author":[{"embeddable":true,"href":"https:\/\/prvimaj.hr\/index.php?rest_route=\/wp\/v2\/users\/3"}],"replies":[{"embeddable":true,"href":"https:\/\/prvimaj.hr\/index.php?rest_route=%2Fwp%2Fv2%2Fcomments&post=19617"}],"version-history":[{"count":2,"href":"https:\/\/prvimaj.hr\/index.php?rest_route=\/wp\/v2\/posts\/19617\/revisions"}],"predecessor-version":[{"id":19620,"href":"https:\/\/prvimaj.hr\/index.php?rest_route=\/wp\/v2\/posts\/19617\/revisions\/19620"}],"wp:featuredmedia":[{"embeddable":true,"href":"https:\/\/prvimaj.hr\/index.php?rest_route=\/wp\/v2\/media\/19618"}],"wp:attachment":[{"href":"https:\/\/prvimaj.hr\/index.php?rest_route=%2Fwp%2Fv2%2Fmedia&parent=19617"}],"wp:term":[{"taxonomy":"category","embeddable":true,"href":"https:\/\/prvimaj.hr\/index.php?rest_route=%2Fwp%2Fv2%2Fcategories&post=19617"},{"taxonomy":"post_tag","embeddable":true,"href":"https:\/\/prvimaj.hr\/index.php?rest_route=%2Fwp%2Fv2%2Ftags&post=19617"}],"curies":[{"name":"wp","href":"https:\/\/api.w.org\/{rel}","templated":true}]}}