{"id":19663,"date":"2023-06-21T13:58:38","date_gmt":"2023-06-21T12:58:38","guid":{"rendered":"https:\/\/prvimaj.hr\/?p=19663"},"modified":"2023-06-21T13:58:47","modified_gmt":"2023-06-21T12:58:47","slug":"alda-milotic","status":"publish","type":"post","link":"https:\/\/prvimaj.hr\/?p=19663","title":{"rendered":"Alda Miloti\u0107"},"content":{"rendered":"<p>U dubokoj boli javljamo rodbini, prijateljima i znancima da nas je u srijedu 21.06.2023. godine u 95- oj godini \u017eivota napustila na\u0161a voljena<\/p>\n<h2 style=\"text-align: center\"><em><strong>ALDA&nbsp; MILOTI\u0106<\/strong><\/em><\/h2>\n<h3 style=\"text-align: center\"><em><strong>( ro\u0111. Forna\u017ear )<\/strong><\/em><\/h3>\n<p><!--more-->Posljednji ispra\u0107aj na\u0161e voljene pokojnice biti \u0107e u petak 23.06.2023. godine u krugu obitelji iz Komemorativnog centra u Labinu na gradsko groblje.<\/p>\n<p><em><strong>O\u017ealo\u0161\u0107eni:&nbsp;<\/strong><\/em>k\u0107erke ZDENKA i VESNA, sin ZLATKO, zeti ELIO i MIRO, nevjesta GORDANA, unuci RONALD sa HELENOM, KRISTINA sa SANDIJEM, ELVIS sa PETROM, BRANKO, SILVIJA, SANDRO, praunuci MIHAEL sa LARISOM, STEFANI sa STEFANOM, NICOLE, MATIAS, NEO, LIAM, LEVIN i ostala tuguju\u0107a rodbina.<\/p>\n","protected":false},"excerpt":{"rendered":"<p>U dubokoj boli javljamo rodbini, prijateljima i znancima da nas je u srijedu 21.06.2023. godine u 95- oj godini \u017eivota napustila na\u0161a voljena ALDA&nbsp; MILOTI\u0106 ( ro\u0111. Forna\u017ear )<\/p>\n","protected":false},"author":3,"featured_media":19664,"comment_status":"closed","ping_status":"closed","sticky":false,"template":"","format":"standard","meta":[],"categories":[3],"tags":[],"_links":{"self":[{"href":"https:\/\/prvimaj.hr\/index.php?rest_route=\/wp\/v2\/posts\/19663"}],"collection":[{"href":"https:\/\/prvimaj.hr\/index.php?rest_route=\/wp\/v2\/posts"}],"about":[{"href":"https:\/\/prvimaj.hr\/index.php?rest_route=\/wp\/v2\/types\/post"}],"author":[{"embeddable":true,"href":"https:\/\/prvimaj.hr\/index.php?rest_route=\/wp\/v2\/users\/3"}],"replies":[{"embeddable":true,"href":"https:\/\/prvimaj.hr\/index.php?rest_route=%2Fwp%2Fv2%2Fcomments&post=19663"}],"version-history":[{"count":2,"href":"https:\/\/prvimaj.hr\/index.php?rest_route=\/wp\/v2\/posts\/19663\/revisions"}],"predecessor-version":[{"id":19666,"href":"https:\/\/prvimaj.hr\/index.php?rest_route=\/wp\/v2\/posts\/19663\/revisions\/19666"}],"wp:featuredmedia":[{"embeddable":true,"href":"https:\/\/prvimaj.hr\/index.php?rest_route=\/wp\/v2\/media\/19664"}],"wp:attachment":[{"href":"https:\/\/prvimaj.hr\/index.php?rest_route=%2Fwp%2Fv2%2Fmedia&parent=19663"}],"wp:term":[{"taxonomy":"category","embeddable":true,"href":"https:\/\/prvimaj.hr\/index.php?rest_route=%2Fwp%2Fv2%2Fcategories&post=19663"},{"taxonomy":"post_tag","embeddable":true,"href":"https:\/\/prvimaj.hr\/index.php?rest_route=%2Fwp%2Fv2%2Ftags&post=19663"}],"curies":[{"name":"wp","href":"https:\/\/api.w.org\/{rel}","templated":true}]}}