{"id":19701,"date":"2023-06-30T12:54:08","date_gmt":"2023-06-30T11:54:08","guid":{"rendered":"https:\/\/prvimaj.hr\/?p=19701"},"modified":"2023-06-30T16:26:19","modified_gmt":"2023-06-30T15:26:19","slug":"lucijan-mohorovic","status":"publish","type":"post","link":"https:\/\/prvimaj.hr\/?p=19701","title":{"rendered":"Lucijan Mohorovi\u0107"},"content":{"rendered":"<p>S tugom u srcu javljamo rodbini, prijateljima i znancima da nas je u srijedu 28.06.2023. godine u 88- oj godini \u017eivota napustio na\u0161 voljeni<\/p>\n<h2 style=\"text-align: center\"><em><strong>Prim. Dr. Sc. LUCIJAN\u00a0 MOHOROVI\u0106<\/strong><\/em><\/h2>\n<h3 style=\"text-align: center\"><em><strong>( iz Rapca )<\/strong><\/em><\/h3>\n<p><!--more-->Posljednji ispra\u0107aj na\u0161eg voljenog pokojnika biti \u0107e u utorak 04.07.2023. godine u 16,30 sati iz Komemorativnog centra u Sv. Martinu &#8211; Martinskom na mjesno groblje.<\/p>\n<p><em><strong>Molimo Vas da umjesto cvije\u0107a i osmrtnica uplatite donacije za udrugu &#8221; Krilo Labina &#8221; na HR 9723800061548000272, BIC ISKBHR2X<\/strong><\/em><\/p>\n<p><em><strong>O\u017ealo\u0161\u0107eni:\u00a0<\/strong><\/em>supruga LIVIJA, k\u0107erke KATJA i LAURA, zet BORIS, unuci BARTOL sa ANAMARIOM, LUCIA, STJEPAN i JAKOV, praunuk ILAJ i ostala tuguju\u0107a rodbina.<\/p>\n","protected":false},"excerpt":{"rendered":"<p>S tugom u srcu javljamo rodbini, prijateljima i znancima da nas je u srijedu 28.06.2023. godine u 88- oj godini \u017eivota napustio na\u0161 voljeni Prim. Dr. Sc. LUCIJAN\u00a0 MOHOROVI\u0106 ( iz Rapca )<\/p>\n","protected":false},"author":3,"featured_media":19703,"comment_status":"closed","ping_status":"closed","sticky":false,"template":"","format":"standard","meta":[],"categories":[3],"tags":[],"_links":{"self":[{"href":"https:\/\/prvimaj.hr\/index.php?rest_route=\/wp\/v2\/posts\/19701"}],"collection":[{"href":"https:\/\/prvimaj.hr\/index.php?rest_route=\/wp\/v2\/posts"}],"about":[{"href":"https:\/\/prvimaj.hr\/index.php?rest_route=\/wp\/v2\/types\/post"}],"author":[{"embeddable":true,"href":"https:\/\/prvimaj.hr\/index.php?rest_route=\/wp\/v2\/users\/3"}],"replies":[{"embeddable":true,"href":"https:\/\/prvimaj.hr\/index.php?rest_route=%2Fwp%2Fv2%2Fcomments&post=19701"}],"version-history":[{"count":3,"href":"https:\/\/prvimaj.hr\/index.php?rest_route=\/wp\/v2\/posts\/19701\/revisions"}],"predecessor-version":[{"id":19706,"href":"https:\/\/prvimaj.hr\/index.php?rest_route=\/wp\/v2\/posts\/19701\/revisions\/19706"}],"wp:featuredmedia":[{"embeddable":true,"href":"https:\/\/prvimaj.hr\/index.php?rest_route=\/wp\/v2\/media\/19703"}],"wp:attachment":[{"href":"https:\/\/prvimaj.hr\/index.php?rest_route=%2Fwp%2Fv2%2Fmedia&parent=19701"}],"wp:term":[{"taxonomy":"category","embeddable":true,"href":"https:\/\/prvimaj.hr\/index.php?rest_route=%2Fwp%2Fv2%2Fcategories&post=19701"},{"taxonomy":"post_tag","embeddable":true,"href":"https:\/\/prvimaj.hr\/index.php?rest_route=%2Fwp%2Fv2%2Ftags&post=19701"}],"curies":[{"name":"wp","href":"https:\/\/api.w.org\/{rel}","templated":true}]}}