{"id":19743,"date":"2023-07-12T09:44:06","date_gmt":"2023-07-12T08:44:06","guid":{"rendered":"https:\/\/prvimaj.hr\/?p=19743"},"modified":"2023-07-12T09:44:27","modified_gmt":"2023-07-12T08:44:27","slug":"rino-verbanac","status":"publish","type":"post","link":"https:\/\/prvimaj.hr\/?p=19743","title":{"rendered":"Rino  Verbanac"},"content":{"rendered":"<p>S tugom u srcu javljamo rodbini, prijateljima i znancima da nas je u srijedu 12.07.2023. godine u 84. godini \u017eivota napustio na\u0161 voljeni<\/p>\n<h2 style=\"text-align: center\"><strong><em>RINO&nbsp; &nbsp; VERBANAC<\/em><\/strong><\/h2>\n<h3 style=\"text-align: center\"><strong><em>( od Ladina )<\/em><\/strong><\/h3>\n<p><!--more--><\/p>\n<p>Posljednji ispra\u0107aj na\u0161eg voljenog pokojnika biti \u0107e u \u010detvrtak 13.07.2023. godine u 17,00 sati iz crkve u Ripendi na mjesno groblje.<\/p>\n<p><em><strong>O\u017ealo\u0161\u0107eni:&nbsp;<\/strong><\/em>supruga NINA, sin Roberto, k\u0107erka VESNA, nevjesta LJILJANA, unuci AN\u0110ELA i TONI, brat MARIO sa familijom, kunjada LUCE sa familijom, te ostala tuguju\u0107a rodbina.<\/p>\n","protected":false},"excerpt":{"rendered":"<p>S tugom u srcu javljamo rodbini, prijateljima i znancima da nas je u srijedu 12.07.2023. godine u 84. godini \u017eivota napustio na\u0161 voljeni RINO&nbsp; &nbsp; VERBANAC ( od Ladina )<\/p>\n","protected":false},"author":3,"featured_media":19742,"comment_status":"closed","ping_status":"closed","sticky":false,"template":"","format":"standard","meta":[],"categories":[3],"tags":[],"_links":{"self":[{"href":"https:\/\/prvimaj.hr\/index.php?rest_route=\/wp\/v2\/posts\/19743"}],"collection":[{"href":"https:\/\/prvimaj.hr\/index.php?rest_route=\/wp\/v2\/posts"}],"about":[{"href":"https:\/\/prvimaj.hr\/index.php?rest_route=\/wp\/v2\/types\/post"}],"author":[{"embeddable":true,"href":"https:\/\/prvimaj.hr\/index.php?rest_route=\/wp\/v2\/users\/3"}],"replies":[{"embeddable":true,"href":"https:\/\/prvimaj.hr\/index.php?rest_route=%2Fwp%2Fv2%2Fcomments&post=19743"}],"version-history":[{"count":2,"href":"https:\/\/prvimaj.hr\/index.php?rest_route=\/wp\/v2\/posts\/19743\/revisions"}],"predecessor-version":[{"id":19745,"href":"https:\/\/prvimaj.hr\/index.php?rest_route=\/wp\/v2\/posts\/19743\/revisions\/19745"}],"wp:featuredmedia":[{"embeddable":true,"href":"https:\/\/prvimaj.hr\/index.php?rest_route=\/wp\/v2\/media\/19742"}],"wp:attachment":[{"href":"https:\/\/prvimaj.hr\/index.php?rest_route=%2Fwp%2Fv2%2Fmedia&parent=19743"}],"wp:term":[{"taxonomy":"category","embeddable":true,"href":"https:\/\/prvimaj.hr\/index.php?rest_route=%2Fwp%2Fv2%2Fcategories&post=19743"},{"taxonomy":"post_tag","embeddable":true,"href":"https:\/\/prvimaj.hr\/index.php?rest_route=%2Fwp%2Fv2%2Ftags&post=19743"}],"curies":[{"name":"wp","href":"https:\/\/api.w.org\/{rel}","templated":true}]}}