{"id":19750,"date":"2023-07-12T12:19:18","date_gmt":"2023-07-12T11:19:18","guid":{"rendered":"https:\/\/prvimaj.hr\/?p=19750"},"modified":"2023-07-12T12:19:32","modified_gmt":"2023-07-12T11:19:32","slug":"etore-frontel","status":"publish","type":"post","link":"https:\/\/prvimaj.hr\/?p=19750","title":{"rendered":"Etore  Frontel"},"content":{"rendered":"<p>S tugom u srcu javljamo rodbini, prijateljima i znancima da nas je u srijedu 12.07.2023. godine u 90. godini \u017eivota napustio na\u0161 voljeni<\/p>\n<h2 style=\"text-align: center\"><strong><em>ETORE&nbsp; &nbsp; &nbsp;FRONTEL<\/em><\/strong><\/h2>\n<h3 style=\"text-align: center\"><strong><em>( iz Letajca )<\/em><\/strong><\/h3>\n<p><!--more--><\/p>\n<p>Posljednji ispra\u0107aj na\u0161eg voljenog pokojnika biti \u0107e u \u010detvrtak 13.07.2023. godine u krugu obitelji iz Komemorativnog centra u Sv.Martinu &#8211; Martinskom na mjesno groblje.<\/p>\n<p><em><strong>Molimo za tihu su\u0107ut.<\/strong><\/em><\/p>\n<p>O\u017ealo\u0161\u0107eni: sin VALDI, k\u0107erka LJERKA, zet BORIS, unuci LARA i MATIJA, sestre MIKA&nbsp; i MARIJA sa familijama, brat NEVIO sa familijom, ne\u0107ak VALTER sa familijom, kunjado ALDO i kunjada MARIJA sa familijama, te ostala tuguju\u0107a rodbina.<\/p>\n","protected":false},"excerpt":{"rendered":"<p>S tugom u srcu javljamo rodbini, prijateljima i znancima da nas je u srijedu 12.07.2023. godine u 90. godini \u017eivota napustio na\u0161 voljeni ETORE&nbsp; &nbsp; &nbsp;FRONTEL ( iz Letajca )<\/p>\n","protected":false},"author":3,"featured_media":19749,"comment_status":"closed","ping_status":"closed","sticky":false,"template":"","format":"standard","meta":[],"categories":[3],"tags":[],"_links":{"self":[{"href":"https:\/\/prvimaj.hr\/index.php?rest_route=\/wp\/v2\/posts\/19750"}],"collection":[{"href":"https:\/\/prvimaj.hr\/index.php?rest_route=\/wp\/v2\/posts"}],"about":[{"href":"https:\/\/prvimaj.hr\/index.php?rest_route=\/wp\/v2\/types\/post"}],"author":[{"embeddable":true,"href":"https:\/\/prvimaj.hr\/index.php?rest_route=\/wp\/v2\/users\/3"}],"replies":[{"embeddable":true,"href":"https:\/\/prvimaj.hr\/index.php?rest_route=%2Fwp%2Fv2%2Fcomments&post=19750"}],"version-history":[{"count":3,"href":"https:\/\/prvimaj.hr\/index.php?rest_route=\/wp\/v2\/posts\/19750\/revisions"}],"predecessor-version":[{"id":19754,"href":"https:\/\/prvimaj.hr\/index.php?rest_route=\/wp\/v2\/posts\/19750\/revisions\/19754"}],"wp:featuredmedia":[{"embeddable":true,"href":"https:\/\/prvimaj.hr\/index.php?rest_route=\/wp\/v2\/media\/19749"}],"wp:attachment":[{"href":"https:\/\/prvimaj.hr\/index.php?rest_route=%2Fwp%2Fv2%2Fmedia&parent=19750"}],"wp:term":[{"taxonomy":"category","embeddable":true,"href":"https:\/\/prvimaj.hr\/index.php?rest_route=%2Fwp%2Fv2%2Fcategories&post=19750"},{"taxonomy":"post_tag","embeddable":true,"href":"https:\/\/prvimaj.hr\/index.php?rest_route=%2Fwp%2Fv2%2Ftags&post=19750"}],"curies":[{"name":"wp","href":"https:\/\/api.w.org\/{rel}","templated":true}]}}