{"id":19775,"date":"2023-07-15T12:33:15","date_gmt":"2023-07-15T11:33:15","guid":{"rendered":"https:\/\/prvimaj.hr\/?p=19775"},"modified":"2023-07-15T12:33:28","modified_gmt":"2023-07-15T11:33:28","slug":"mariza-rajkovic","status":"publish","type":"post","link":"https:\/\/prvimaj.hr\/?p=19775","title":{"rendered":"Mariza  Rajkovi\u0107"},"content":{"rendered":"<p>U dubokoj boli javljamo rodbini, prijateljima i znancima da nas je u petak 14.07.2023. godine napustila na\u0161a voljena<\/p>\n<h2 style=\"text-align: center\"><strong><em>MARIZA&nbsp; &nbsp; RAJKOVI\u0106<\/em><\/strong><\/h2>\n<h3 style=\"text-align: center\"><strong><em>( \u0110i\u0111a iz Ra\u0161e )<\/em><\/strong><\/h3>\n<p><!--more--><\/p>\n<p>Posljednji ispra\u0107aj na\u0161e voljene pokojnice biti \u0107e u ponedjeljak 17.07.2023. godine u 11,00 sati u krugu obitelji i prijatelja iz Komemorativnog centra u Labinu na gradsko groblje.<\/p>\n<p><strong><em>O\u017ealo\u0161\u0107eni:&nbsp;<\/em><\/strong>k\u0107erka MAR\u010cELA, zet DRA\u017dEN, unuci NORA i VIGO, sestre CLAUDIA, MALVINA, IRIS i brat SERGIO sa familijama, ne\u0107aci IVANA, TINA i FABIO sa familijama, te ostala tuguju\u0107a rodbina.<\/p>\n","protected":false},"excerpt":{"rendered":"<p>U dubokoj boli javljamo rodbini, prijateljima i znancima da nas je u petak 14.07.2023. godine napustila na\u0161a voljena MARIZA&nbsp; &nbsp; RAJKOVI\u0106 ( \u0110i\u0111a iz Ra\u0161e )<\/p>\n","protected":false},"author":3,"featured_media":19774,"comment_status":"closed","ping_status":"closed","sticky":false,"template":"","format":"standard","meta":[],"categories":[3],"tags":[],"_links":{"self":[{"href":"https:\/\/prvimaj.hr\/index.php?rest_route=\/wp\/v2\/posts\/19775"}],"collection":[{"href":"https:\/\/prvimaj.hr\/index.php?rest_route=\/wp\/v2\/posts"}],"about":[{"href":"https:\/\/prvimaj.hr\/index.php?rest_route=\/wp\/v2\/types\/post"}],"author":[{"embeddable":true,"href":"https:\/\/prvimaj.hr\/index.php?rest_route=\/wp\/v2\/users\/3"}],"replies":[{"embeddable":true,"href":"https:\/\/prvimaj.hr\/index.php?rest_route=%2Fwp%2Fv2%2Fcomments&post=19775"}],"version-history":[{"count":2,"href":"https:\/\/prvimaj.hr\/index.php?rest_route=\/wp\/v2\/posts\/19775\/revisions"}],"predecessor-version":[{"id":19777,"href":"https:\/\/prvimaj.hr\/index.php?rest_route=\/wp\/v2\/posts\/19775\/revisions\/19777"}],"wp:featuredmedia":[{"embeddable":true,"href":"https:\/\/prvimaj.hr\/index.php?rest_route=\/wp\/v2\/media\/19774"}],"wp:attachment":[{"href":"https:\/\/prvimaj.hr\/index.php?rest_route=%2Fwp%2Fv2%2Fmedia&parent=19775"}],"wp:term":[{"taxonomy":"category","embeddable":true,"href":"https:\/\/prvimaj.hr\/index.php?rest_route=%2Fwp%2Fv2%2Fcategories&post=19775"},{"taxonomy":"post_tag","embeddable":true,"href":"https:\/\/prvimaj.hr\/index.php?rest_route=%2Fwp%2Fv2%2Ftags&post=19775"}],"curies":[{"name":"wp","href":"https:\/\/api.w.org\/{rel}","templated":true}]}}