{"id":19812,"date":"2023-07-24T10:03:00","date_gmt":"2023-07-24T09:03:00","guid":{"rendered":"https:\/\/prvimaj.hr\/?p=19812"},"modified":"2023-07-24T10:03:19","modified_gmt":"2023-07-24T09:03:19","slug":"bruno-stemberga","status":"publish","type":"post","link":"https:\/\/prvimaj.hr\/?p=19812","title":{"rendered":"Bruno  Stemberga"},"content":{"rendered":"<p>S tugom u srcu javljamo rodbini, prijateljima i znancima da nas je u ponedjeljak 24.07.2023. godine u 85. godini \u017eivota napustio na\u0161 voljeni<\/p>\n<h2 style=\"text-align: center\"><strong><em>BRUNO&nbsp; &nbsp; STEMBERGA<\/em><\/strong><\/h2>\n<h3 style=\"text-align: center\"><strong><em>( iz Marciljani )<\/em><\/strong><\/h3>\n<p><!--more--><\/p>\n<p>Posljednji ispra\u0107aj na\u0161eg voljenog pokojnika biti \u0107e u utorak 25.07.2023. godine u krugu obitelji iz Komemorativnog centra u Sv.Martinu &#8211; Martinskom na mjesno groblje.<\/p>\n<p><strong><em>O\u017ealo\u0161\u0107eni:&nbsp;<\/em><\/strong>supruga BRUNA, k\u0107erke SUZANA i ANJEZE, zeti KLAUDIO i LUCA, unuci STEFANO sa KATARINOM i NATA\u0160A, kunjada i kunjado sa familijama, te ostala tuguju\u0107a rodbina.<\/p>\n","protected":false},"excerpt":{"rendered":"<p>S tugom u srcu javljamo rodbini, prijateljima i znancima da nas je u ponedjeljak 24.07.2023. godine u 85. godini \u017eivota napustio na\u0161 voljeni BRUNO&nbsp; &nbsp; STEMBERGA ( iz Marciljani )<\/p>\n","protected":false},"author":3,"featured_media":19811,"comment_status":"closed","ping_status":"closed","sticky":false,"template":"","format":"standard","meta":[],"categories":[3],"tags":[],"_links":{"self":[{"href":"https:\/\/prvimaj.hr\/index.php?rest_route=\/wp\/v2\/posts\/19812"}],"collection":[{"href":"https:\/\/prvimaj.hr\/index.php?rest_route=\/wp\/v2\/posts"}],"about":[{"href":"https:\/\/prvimaj.hr\/index.php?rest_route=\/wp\/v2\/types\/post"}],"author":[{"embeddable":true,"href":"https:\/\/prvimaj.hr\/index.php?rest_route=\/wp\/v2\/users\/3"}],"replies":[{"embeddable":true,"href":"https:\/\/prvimaj.hr\/index.php?rest_route=%2Fwp%2Fv2%2Fcomments&post=19812"}],"version-history":[{"count":2,"href":"https:\/\/prvimaj.hr\/index.php?rest_route=\/wp\/v2\/posts\/19812\/revisions"}],"predecessor-version":[{"id":19814,"href":"https:\/\/prvimaj.hr\/index.php?rest_route=\/wp\/v2\/posts\/19812\/revisions\/19814"}],"wp:featuredmedia":[{"embeddable":true,"href":"https:\/\/prvimaj.hr\/index.php?rest_route=\/wp\/v2\/media\/19811"}],"wp:attachment":[{"href":"https:\/\/prvimaj.hr\/index.php?rest_route=%2Fwp%2Fv2%2Fmedia&parent=19812"}],"wp:term":[{"taxonomy":"category","embeddable":true,"href":"https:\/\/prvimaj.hr\/index.php?rest_route=%2Fwp%2Fv2%2Fcategories&post=19812"},{"taxonomy":"post_tag","embeddable":true,"href":"https:\/\/prvimaj.hr\/index.php?rest_route=%2Fwp%2Fv2%2Ftags&post=19812"}],"curies":[{"name":"wp","href":"https:\/\/api.w.org\/{rel}","templated":true}]}}