{"id":19833,"date":"2023-07-28T08:20:06","date_gmt":"2023-07-28T07:20:06","guid":{"rendered":"https:\/\/prvimaj.hr\/?p=19833"},"modified":"2023-07-28T08:21:25","modified_gmt":"2023-07-28T07:21:25","slug":"verica-djakovic","status":"publish","type":"post","link":"https:\/\/prvimaj.hr\/?p=19833","title":{"rendered":"Verica Djakovi\u0107"},"content":{"rendered":"<p>Tu\u017enim srcem javljamo rodbini, prijateljima i znancima \u017ealosnu vijest da nas je u \u010detvrtak 27.07.2023. godine u 66- oj godini \u017eivota napustila na\u0161a voljena k\u0107erka, sestra i cija<\/p>\n<h2 style=\"text-align: center\"><em><strong>VERICA&nbsp; DJAKOVI\u0106<\/strong><\/em><\/h2>\n<h3 style=\"text-align: center\"><em><strong>( iz Vozili\u0107i )<\/strong><\/em><\/h3>\n<p><!--more-->Posljednji ispra\u0107aj na\u0161e voljene pokojnice biti \u0107e u subotu 29.07.2023. godine u krugu obitelji iz Komemorativnog centra u Plominu na mjesno groblje,<\/p>\n<p><em><strong>O\u017ealo\u0161\u0107eni:&nbsp;<\/strong><\/em>mama PAULA, sestre NEVENKA i GRACIJELA sa familijama, ne\u0107akinja MARGARET i ne\u0107ak ANDRIJANO sa familijama, te ostala tuguju\u0107a rodbina.<\/p>\n","protected":false},"excerpt":{"rendered":"<p>Tu\u017enim srcem javljamo rodbini, prijateljima i znancima \u017ealosnu vijest da nas je u \u010detvrtak 27.07.2023. godine u 66- oj godini \u017eivota napustila na\u0161a voljena k\u0107erka, sestra i cija VERICA&nbsp; DJAKOVI\u0106 ( iz Vozili\u0107i )<\/p>\n","protected":false},"author":3,"featured_media":19834,"comment_status":"closed","ping_status":"closed","sticky":false,"template":"","format":"standard","meta":[],"categories":[3],"tags":[],"_links":{"self":[{"href":"https:\/\/prvimaj.hr\/index.php?rest_route=\/wp\/v2\/posts\/19833"}],"collection":[{"href":"https:\/\/prvimaj.hr\/index.php?rest_route=\/wp\/v2\/posts"}],"about":[{"href":"https:\/\/prvimaj.hr\/index.php?rest_route=\/wp\/v2\/types\/post"}],"author":[{"embeddable":true,"href":"https:\/\/prvimaj.hr\/index.php?rest_route=\/wp\/v2\/users\/3"}],"replies":[{"embeddable":true,"href":"https:\/\/prvimaj.hr\/index.php?rest_route=%2Fwp%2Fv2%2Fcomments&post=19833"}],"version-history":[{"count":2,"href":"https:\/\/prvimaj.hr\/index.php?rest_route=\/wp\/v2\/posts\/19833\/revisions"}],"predecessor-version":[{"id":19836,"href":"https:\/\/prvimaj.hr\/index.php?rest_route=\/wp\/v2\/posts\/19833\/revisions\/19836"}],"wp:featuredmedia":[{"embeddable":true,"href":"https:\/\/prvimaj.hr\/index.php?rest_route=\/wp\/v2\/media\/19834"}],"wp:attachment":[{"href":"https:\/\/prvimaj.hr\/index.php?rest_route=%2Fwp%2Fv2%2Fmedia&parent=19833"}],"wp:term":[{"taxonomy":"category","embeddable":true,"href":"https:\/\/prvimaj.hr\/index.php?rest_route=%2Fwp%2Fv2%2Fcategories&post=19833"},{"taxonomy":"post_tag","embeddable":true,"href":"https:\/\/prvimaj.hr\/index.php?rest_route=%2Fwp%2Fv2%2Ftags&post=19833"}],"curies":[{"name":"wp","href":"https:\/\/api.w.org\/{rel}","templated":true}]}}