{"id":19865,"date":"2023-08-01T12:08:22","date_gmt":"2023-08-01T11:08:22","guid":{"rendered":"https:\/\/prvimaj.hr\/?p=19865"},"modified":"2023-08-01T12:08:32","modified_gmt":"2023-08-01T11:08:32","slug":"dean-basaneze","status":"publish","type":"post","link":"https:\/\/prvimaj.hr\/?p=19865","title":{"rendered":"Dean Basane\u017ee"},"content":{"rendered":"<p>U dubokoj boli javljamo rodbini, prijateljima i znancima da nas je u nedjelju 30.07.2023. godine u 60- oj godini \u017eivota napustio na\u0161 voljeni<\/p>\n<h2 style=\"text-align: center\"><em><strong>DEAN&nbsp; &nbsp;BASANE\u017dE<\/strong><\/em><\/h2>\n<p><!--more-->Posljednji ispra\u0107aj na\u0161eg voljenog pokojnika biti \u0107e u srijedu 02.08.2023. godine u krugu obitelji iz crkve na Skita\u010di na mjesno groblje.<\/p>\n<p><em><strong>O\u017ealo\u0161\u0107eni:&nbsp;<\/strong><\/em>mama LIDIJA supruga SUZANA, k\u0107erke ANDREA s DALIBOROM i ANTONELA s ERIKOM, bra\u0107a DENIS i DORJAN, kunjade MERI i KATJA, kunjado IGOR, ne\u0107aci NATA\u0160A sa SANJINOM, ALEN, ERIN i MARTA, ta\u0161\u0107a LAURA, te ostala tuguju\u0107a rodbina.<\/p>\n\n\n<p><\/p>\n","protected":false},"excerpt":{"rendered":"<p>U dubokoj boli javljamo rodbini, prijateljima i znancima da nas je u nedjelju 30.07.2023. godine u 60- oj godini \u017eivota napustio na\u0161 voljeni DEAN&nbsp; &nbsp;BASANE\u017dE<\/p>\n","protected":false},"author":3,"featured_media":19866,"comment_status":"closed","ping_status":"closed","sticky":false,"template":"","format":"standard","meta":[],"categories":[3],"tags":[],"_links":{"self":[{"href":"https:\/\/prvimaj.hr\/index.php?rest_route=\/wp\/v2\/posts\/19865"}],"collection":[{"href":"https:\/\/prvimaj.hr\/index.php?rest_route=\/wp\/v2\/posts"}],"about":[{"href":"https:\/\/prvimaj.hr\/index.php?rest_route=\/wp\/v2\/types\/post"}],"author":[{"embeddable":true,"href":"https:\/\/prvimaj.hr\/index.php?rest_route=\/wp\/v2\/users\/3"}],"replies":[{"embeddable":true,"href":"https:\/\/prvimaj.hr\/index.php?rest_route=%2Fwp%2Fv2%2Fcomments&post=19865"}],"version-history":[{"count":2,"href":"https:\/\/prvimaj.hr\/index.php?rest_route=\/wp\/v2\/posts\/19865\/revisions"}],"predecessor-version":[{"id":19868,"href":"https:\/\/prvimaj.hr\/index.php?rest_route=\/wp\/v2\/posts\/19865\/revisions\/19868"}],"wp:featuredmedia":[{"embeddable":true,"href":"https:\/\/prvimaj.hr\/index.php?rest_route=\/wp\/v2\/media\/19866"}],"wp:attachment":[{"href":"https:\/\/prvimaj.hr\/index.php?rest_route=%2Fwp%2Fv2%2Fmedia&parent=19865"}],"wp:term":[{"taxonomy":"category","embeddable":true,"href":"https:\/\/prvimaj.hr\/index.php?rest_route=%2Fwp%2Fv2%2Fcategories&post=19865"},{"taxonomy":"post_tag","embeddable":true,"href":"https:\/\/prvimaj.hr\/index.php?rest_route=%2Fwp%2Fv2%2Ftags&post=19865"}],"curies":[{"name":"wp","href":"https:\/\/api.w.org\/{rel}","templated":true}]}}