{"id":19932,"date":"2023-08-10T06:10:30","date_gmt":"2023-08-10T05:10:30","guid":{"rendered":"https:\/\/prvimaj.hr\/?p=19932"},"modified":"2023-08-10T06:10:39","modified_gmt":"2023-08-10T05:10:39","slug":"milan-seselj","status":"publish","type":"post","link":"https:\/\/prvimaj.hr\/?p=19932","title":{"rendered":"Milan \u0160e\u0161elj"},"content":{"rendered":"<p>U dubokoj boli javljamo rodbini, prijateljima i znancima da nas je u srijedu 09.08.2023. godine u 75- oj godini \u017eivota napustio na\u0161 voljeni<\/p>\n<h2 style=\"text-align: center\"><em><strong>MILAN&nbsp; &nbsp;\u0160E\u0160ELJ<\/strong><\/em><\/h2>\n<h3 style=\"text-align: center\"><em><strong>( Mandarin )<\/strong><\/em><\/h3>\n<p><!--more-->Posljednji ispra\u0107aj na\u0161eg voljenog pokojnika biti \u0107e u petak 11.08.2023. godine u krugu obitelji iz Komemorativnog centra u Labinu na gradsko groblje.<\/p>\n<p><em><strong>Molimo za tihu su\u0107ut.<\/strong><\/em><\/p>\n<p><em><strong>O\u017ealo\u0161\u0107eni: <\/strong><\/em>supruga MIRELA, brat STIJEPAN i sestra JASMINKA, te ostala tuguju\u0107a rodbina.<\/p>\n","protected":false},"excerpt":{"rendered":"<p>U dubokoj boli javljamo rodbini, prijateljima i znancima da nas je u srijedu 09.08.2023. godine u 75- oj godini \u017eivota napustio na\u0161 voljeni MILAN&nbsp; &nbsp;\u0160E\u0160ELJ ( Mandarin )<\/p>\n","protected":false},"author":3,"featured_media":19933,"comment_status":"closed","ping_status":"closed","sticky":false,"template":"","format":"standard","meta":[],"categories":[3],"tags":[],"_links":{"self":[{"href":"https:\/\/prvimaj.hr\/index.php?rest_route=\/wp\/v2\/posts\/19932"}],"collection":[{"href":"https:\/\/prvimaj.hr\/index.php?rest_route=\/wp\/v2\/posts"}],"about":[{"href":"https:\/\/prvimaj.hr\/index.php?rest_route=\/wp\/v2\/types\/post"}],"author":[{"embeddable":true,"href":"https:\/\/prvimaj.hr\/index.php?rest_route=\/wp\/v2\/users\/3"}],"replies":[{"embeddable":true,"href":"https:\/\/prvimaj.hr\/index.php?rest_route=%2Fwp%2Fv2%2Fcomments&post=19932"}],"version-history":[{"count":2,"href":"https:\/\/prvimaj.hr\/index.php?rest_route=\/wp\/v2\/posts\/19932\/revisions"}],"predecessor-version":[{"id":19935,"href":"https:\/\/prvimaj.hr\/index.php?rest_route=\/wp\/v2\/posts\/19932\/revisions\/19935"}],"wp:featuredmedia":[{"embeddable":true,"href":"https:\/\/prvimaj.hr\/index.php?rest_route=\/wp\/v2\/media\/19933"}],"wp:attachment":[{"href":"https:\/\/prvimaj.hr\/index.php?rest_route=%2Fwp%2Fv2%2Fmedia&parent=19932"}],"wp:term":[{"taxonomy":"category","embeddable":true,"href":"https:\/\/prvimaj.hr\/index.php?rest_route=%2Fwp%2Fv2%2Fcategories&post=19932"},{"taxonomy":"post_tag","embeddable":true,"href":"https:\/\/prvimaj.hr\/index.php?rest_route=%2Fwp%2Fv2%2Ftags&post=19932"}],"curies":[{"name":"wp","href":"https:\/\/api.w.org\/{rel}","templated":true}]}}