{"id":19964,"date":"2023-08-17T06:58:34","date_gmt":"2023-08-17T05:58:34","guid":{"rendered":"https:\/\/prvimaj.hr\/?p=19964"},"modified":"2023-08-17T06:58:42","modified_gmt":"2023-08-17T05:58:42","slug":"marija-vezic","status":"publish","type":"post","link":"https:\/\/prvimaj.hr\/?p=19964","title":{"rendered":"Marija Ve\u017ei\u0107"},"content":{"rendered":"<p>U dubokoj boli javljamo rodbini, prijateljima i znancima da nas je u srijedu 16.08.2023. godine u 89- oj godini \u017eivota napustila na\u0161a voljena mama, nona i pranona<\/p>\n<h2 style=\"text-align: center\"><em><strong>MARIJA&nbsp; &nbsp;VE\u017dI\u0106<\/strong><\/em><\/h2>\n<h3 style=\"text-align: center\"><em><strong>( ro\u0111. Licul )<\/strong><\/em><\/h3>\n<p><!--more-->Posljednji ispra\u0107aj na\u0161e voljene pokojnice biti \u0107e u petak 18.08.2023. godine u 14,00 sati iz Komemorativnog centra u Kr\u0161anu na mjesno groblje.<\/p>\n<p><em><strong>O\u017ealo\u0161\u0107eni:&nbsp;<\/strong><\/em>sin BERISLAV, k\u0107erke MARINA, IRENA, RITA i VESNA, zeti DRAGO, NINO, VALTER i NENAD, unuci MATIJA s IVANOM, IRENE s LUKOM, VERONIKA s IVANOM, VIKTOR s IVOM, PETAR, VALENTINA, RIKARDO, ZVONIMIR i AMADEA, praunuci VALTER, TARA i EMA, \u0161ogor ANTE, te ostala tuguju\u0107a rodbina.<\/p>\n","protected":false},"excerpt":{"rendered":"<p>U dubokoj boli javljamo rodbini, prijateljima i znancima da nas je u srijedu 16.08.2023. godine u 89- oj godini \u017eivota napustila na\u0161a voljena mama, nona i pranona MARIJA&nbsp; &nbsp;VE\u017dI\u0106 ( ro\u0111. Licul )<\/p>\n","protected":false},"author":3,"featured_media":19965,"comment_status":"closed","ping_status":"closed","sticky":false,"template":"","format":"standard","meta":[],"categories":[3],"tags":[],"_links":{"self":[{"href":"https:\/\/prvimaj.hr\/index.php?rest_route=\/wp\/v2\/posts\/19964"}],"collection":[{"href":"https:\/\/prvimaj.hr\/index.php?rest_route=\/wp\/v2\/posts"}],"about":[{"href":"https:\/\/prvimaj.hr\/index.php?rest_route=\/wp\/v2\/types\/post"}],"author":[{"embeddable":true,"href":"https:\/\/prvimaj.hr\/index.php?rest_route=\/wp\/v2\/users\/3"}],"replies":[{"embeddable":true,"href":"https:\/\/prvimaj.hr\/index.php?rest_route=%2Fwp%2Fv2%2Fcomments&post=19964"}],"version-history":[{"count":2,"href":"https:\/\/prvimaj.hr\/index.php?rest_route=\/wp\/v2\/posts\/19964\/revisions"}],"predecessor-version":[{"id":19967,"href":"https:\/\/prvimaj.hr\/index.php?rest_route=\/wp\/v2\/posts\/19964\/revisions\/19967"}],"wp:featuredmedia":[{"embeddable":true,"href":"https:\/\/prvimaj.hr\/index.php?rest_route=\/wp\/v2\/media\/19965"}],"wp:attachment":[{"href":"https:\/\/prvimaj.hr\/index.php?rest_route=%2Fwp%2Fv2%2Fmedia&parent=19964"}],"wp:term":[{"taxonomy":"category","embeddable":true,"href":"https:\/\/prvimaj.hr\/index.php?rest_route=%2Fwp%2Fv2%2Fcategories&post=19964"},{"taxonomy":"post_tag","embeddable":true,"href":"https:\/\/prvimaj.hr\/index.php?rest_route=%2Fwp%2Fv2%2Ftags&post=19964"}],"curies":[{"name":"wp","href":"https:\/\/api.w.org\/{rel}","templated":true}]}}