{"id":19988,"date":"2023-08-24T12:07:53","date_gmt":"2023-08-24T11:07:53","guid":{"rendered":"https:\/\/prvimaj.hr\/?p=19988"},"modified":"2023-08-24T12:08:02","modified_gmt":"2023-08-24T11:08:02","slug":"anton-faraguna-4","status":"publish","type":"post","link":"https:\/\/prvimaj.hr\/?p=19988","title":{"rendered":"Anton Faraguna"},"content":{"rendered":"<p>S tugom u srcu javljamo rodbini, prijateljima i znancima da nas je u srijedu 23.08.2023. godine u 71- oj godini \u017eivota napustio na\u0161 voljeni<\/p>\n<h2 style=\"text-align: center\"><em><strong>ANTON&nbsp; &nbsp;FARAGUNA<\/strong><\/em><\/h2>\n<h3 style=\"text-align: center\"><em><strong>( Toni iz Zartinja )<\/strong><\/em><\/h3>\n<p><!--more-->Posljednji ispra\u0107aj na\u0161eg voljenog pokojnika biti \u0107e u petak 25.08.2023. godine u krugu obitelji iz Komemorativnog centra u Sv. Martinu &#8211; Martinskom na mjesno groblje.<\/p>\n<p><em><strong>Molimo za tihu su\u0107ut.<\/strong><\/em><\/p>\n<p><em><strong>O\u017ealo\u0161\u0107eni:&nbsp;<\/strong><\/em>sin DINO, k\u0107erka NATALI, nevjesta IVANA, zet TEDI, unuci FRAN, TIN i NINA, brat SILVANO, sestra VIOLETA, kunjada NOVELA, kunjado DARIO, ne\u0107akinje IZABELA i VALNEA sa obiteljima, te ostala tuguju\u0107a rodbina.<\/p>\n","protected":false},"excerpt":{"rendered":"<p>S tugom u srcu javljamo rodbini, prijateljima i znancima da nas je u srijedu 23.08.2023. godine u 71- oj godini \u017eivota napustio na\u0161 voljeni ANTON&nbsp; &nbsp;FARAGUNA ( Toni iz Zartinja )<\/p>\n","protected":false},"author":3,"featured_media":19989,"comment_status":"closed","ping_status":"closed","sticky":false,"template":"","format":"standard","meta":[],"categories":[3],"tags":[],"_links":{"self":[{"href":"https:\/\/prvimaj.hr\/index.php?rest_route=\/wp\/v2\/posts\/19988"}],"collection":[{"href":"https:\/\/prvimaj.hr\/index.php?rest_route=\/wp\/v2\/posts"}],"about":[{"href":"https:\/\/prvimaj.hr\/index.php?rest_route=\/wp\/v2\/types\/post"}],"author":[{"embeddable":true,"href":"https:\/\/prvimaj.hr\/index.php?rest_route=\/wp\/v2\/users\/3"}],"replies":[{"embeddable":true,"href":"https:\/\/prvimaj.hr\/index.php?rest_route=%2Fwp%2Fv2%2Fcomments&post=19988"}],"version-history":[{"count":2,"href":"https:\/\/prvimaj.hr\/index.php?rest_route=\/wp\/v2\/posts\/19988\/revisions"}],"predecessor-version":[{"id":19991,"href":"https:\/\/prvimaj.hr\/index.php?rest_route=\/wp\/v2\/posts\/19988\/revisions\/19991"}],"wp:featuredmedia":[{"embeddable":true,"href":"https:\/\/prvimaj.hr\/index.php?rest_route=\/wp\/v2\/media\/19989"}],"wp:attachment":[{"href":"https:\/\/prvimaj.hr\/index.php?rest_route=%2Fwp%2Fv2%2Fmedia&parent=19988"}],"wp:term":[{"taxonomy":"category","embeddable":true,"href":"https:\/\/prvimaj.hr\/index.php?rest_route=%2Fwp%2Fv2%2Fcategories&post=19988"},{"taxonomy":"post_tag","embeddable":true,"href":"https:\/\/prvimaj.hr\/index.php?rest_route=%2Fwp%2Fv2%2Ftags&post=19988"}],"curies":[{"name":"wp","href":"https:\/\/api.w.org\/{rel}","templated":true}]}}