{"id":20008,"date":"2023-08-28T08:13:26","date_gmt":"2023-08-28T07:13:26","guid":{"rendered":"https:\/\/prvimaj.hr\/?p=20008"},"modified":"2023-08-28T08:13:34","modified_gmt":"2023-08-28T07:13:34","slug":"josip-matosic","status":"publish","type":"post","link":"https:\/\/prvimaj.hr\/?p=20008","title":{"rendered":"Josip Mato\u0161i\u0107"},"content":{"rendered":"<p>Tu\u017enim srcem javljamo rodbini, prijateljima i znancima \u017ealosnu vijest da nas je u nedjelju 27.08.2023. godine u 87- oj godini \u017eivota napustio na\u0161 voljeni<\/p>\n<h2 style=\"text-align: center\"><em><strong>JOSIP&nbsp; &nbsp;MATO\u0160I\u0106<\/strong><\/em><\/h2>\n<h3 style=\"text-align: center\"><em><strong>( Bepi iz Ru\u017ei\u0107i )<\/strong><\/em><\/h3>\n<p><!--more-->Posljednji ispra\u0107aj na\u0161eg voljenog pokojnika biti \u0107e u utorak 29.08.2023. godine u krugu obitelji i prijatelja iz Komemorativnog centra u Sv. Martinu &#8211; Martinskom na mjesno groblje.<\/p>\n<p><em><strong>O\u017ealo\u0161\u0107eni:&nbsp;<\/strong><\/em>supruga GRACIJELA, k\u0107erka HELENA sa CRISTIANOM, unuke VITTORIA i MARIA, sestra VIOLETA, bra\u0107a MARIO, IVE i BRUNO, kunjado MILIO i kunjada MARIA sa familijama, ne\u0107aci i ne\u0107akinje sa familijama, te ostala tuguju\u0107a rodbina.<\/p>\n","protected":false},"excerpt":{"rendered":"<p>Tu\u017enim srcem javljamo rodbini, prijateljima i znancima \u017ealosnu vijest da nas je u nedjelju 27.08.2023. godine u 87- oj godini \u017eivota napustio na\u0161 voljeni JOSIP&nbsp; &nbsp;MATO\u0160I\u0106 ( Bepi iz Ru\u017ei\u0107i )<\/p>\n","protected":false},"author":3,"featured_media":20009,"comment_status":"closed","ping_status":"closed","sticky":false,"template":"","format":"standard","meta":[],"categories":[3],"tags":[],"_links":{"self":[{"href":"https:\/\/prvimaj.hr\/index.php?rest_route=\/wp\/v2\/posts\/20008"}],"collection":[{"href":"https:\/\/prvimaj.hr\/index.php?rest_route=\/wp\/v2\/posts"}],"about":[{"href":"https:\/\/prvimaj.hr\/index.php?rest_route=\/wp\/v2\/types\/post"}],"author":[{"embeddable":true,"href":"https:\/\/prvimaj.hr\/index.php?rest_route=\/wp\/v2\/users\/3"}],"replies":[{"embeddable":true,"href":"https:\/\/prvimaj.hr\/index.php?rest_route=%2Fwp%2Fv2%2Fcomments&post=20008"}],"version-history":[{"count":2,"href":"https:\/\/prvimaj.hr\/index.php?rest_route=\/wp\/v2\/posts\/20008\/revisions"}],"predecessor-version":[{"id":20011,"href":"https:\/\/prvimaj.hr\/index.php?rest_route=\/wp\/v2\/posts\/20008\/revisions\/20011"}],"wp:featuredmedia":[{"embeddable":true,"href":"https:\/\/prvimaj.hr\/index.php?rest_route=\/wp\/v2\/media\/20009"}],"wp:attachment":[{"href":"https:\/\/prvimaj.hr\/index.php?rest_route=%2Fwp%2Fv2%2Fmedia&parent=20008"}],"wp:term":[{"taxonomy":"category","embeddable":true,"href":"https:\/\/prvimaj.hr\/index.php?rest_route=%2Fwp%2Fv2%2Fcategories&post=20008"},{"taxonomy":"post_tag","embeddable":true,"href":"https:\/\/prvimaj.hr\/index.php?rest_route=%2Fwp%2Fv2%2Ftags&post=20008"}],"curies":[{"name":"wp","href":"https:\/\/api.w.org\/{rel}","templated":true}]}}