{"id":20054,"date":"2023-09-06T08:28:27","date_gmt":"2023-09-06T07:28:27","guid":{"rendered":"https:\/\/prvimaj.hr\/?p=20054"},"modified":"2023-09-06T08:28:35","modified_gmt":"2023-09-06T07:28:35","slug":"jusuf-ibrahimovic","status":"publish","type":"post","link":"https:\/\/prvimaj.hr\/?p=20054","title":{"rendered":"Jusuf Ibrahimovi\u0107"},"content":{"rendered":"<p>S tugom u srcu javljamo svoj rodbini, prijateljima i znancima \u017ealosnu vijest da je na\u0161 rahmetli<\/p>\n<h2 style=\"text-align: center\"><em><strong>JUSUF&nbsp; IBRAHIMOVI\u0106<\/strong><\/em><\/h2>\n<h3 style=\"text-align: center\"><em><strong>( iz Labina )<\/strong><\/em><\/h3>\n<p><!--more-->preselio na ahiret u \u010detvrtak 31.08.2023. godine u 89- oj godini \u017eivota. D\u017eenaza \u0107e krenuti u \u010detvrtak 07.09.2023. godine u 16,30 sati iz Komemorativnog centra u Labinu na gradsko groblje.<\/p>\n<p><em><strong>O\u017ealo\u0161\u0107eni:&nbsp;<\/strong><\/em>supruga HANIJA, sinovi NIHAD i ENAD, k\u0107erka DENISA, snahe FIKRETA i KLAUDIA, zet ZIJAD, unuci ENID, SVEN, LARISA, MARISA, JASTIN, ALESIJA i ALINA, praunuci TARIK, AVIO, NAIJLA i ELEA, bra\u010da i sestre sa familijama, te mnogobrojna tuguju\u0107a rodbina.<\/p>\n","protected":false},"excerpt":{"rendered":"<p>S tugom u srcu javljamo svoj rodbini, prijateljima i znancima \u017ealosnu vijest da je na\u0161 rahmetli JUSUF&nbsp; IBRAHIMOVI\u0106 ( iz Labina )<\/p>\n","protected":false},"author":3,"featured_media":20055,"comment_status":"closed","ping_status":"closed","sticky":false,"template":"","format":"standard","meta":[],"categories":[3],"tags":[],"_links":{"self":[{"href":"https:\/\/prvimaj.hr\/index.php?rest_route=\/wp\/v2\/posts\/20054"}],"collection":[{"href":"https:\/\/prvimaj.hr\/index.php?rest_route=\/wp\/v2\/posts"}],"about":[{"href":"https:\/\/prvimaj.hr\/index.php?rest_route=\/wp\/v2\/types\/post"}],"author":[{"embeddable":true,"href":"https:\/\/prvimaj.hr\/index.php?rest_route=\/wp\/v2\/users\/3"}],"replies":[{"embeddable":true,"href":"https:\/\/prvimaj.hr\/index.php?rest_route=%2Fwp%2Fv2%2Fcomments&post=20054"}],"version-history":[{"count":2,"href":"https:\/\/prvimaj.hr\/index.php?rest_route=\/wp\/v2\/posts\/20054\/revisions"}],"predecessor-version":[{"id":20057,"href":"https:\/\/prvimaj.hr\/index.php?rest_route=\/wp\/v2\/posts\/20054\/revisions\/20057"}],"wp:featuredmedia":[{"embeddable":true,"href":"https:\/\/prvimaj.hr\/index.php?rest_route=\/wp\/v2\/media\/20055"}],"wp:attachment":[{"href":"https:\/\/prvimaj.hr\/index.php?rest_route=%2Fwp%2Fv2%2Fmedia&parent=20054"}],"wp:term":[{"taxonomy":"category","embeddable":true,"href":"https:\/\/prvimaj.hr\/index.php?rest_route=%2Fwp%2Fv2%2Fcategories&post=20054"},{"taxonomy":"post_tag","embeddable":true,"href":"https:\/\/prvimaj.hr\/index.php?rest_route=%2Fwp%2Fv2%2Ftags&post=20054"}],"curies":[{"name":"wp","href":"https:\/\/api.w.org\/{rel}","templated":true}]}}