{"id":20083,"date":"2023-09-13T14:01:42","date_gmt":"2023-09-13T13:01:42","guid":{"rendered":"https:\/\/prvimaj.hr\/?p=20083"},"modified":"2023-09-13T14:02:01","modified_gmt":"2023-09-13T13:02:01","slug":"kaja-mladenov","status":"publish","type":"post","link":"https:\/\/prvimaj.hr\/?p=20083","title":{"rendered":"Kaja  Mladenov"},"content":{"rendered":"<p>U dubokoj boli javljamo rodbini, prijateljima i znancima da nas je u utorak 12.09.2023. godine u 65. godini \u017eivota napustila na\u0161a voljena<\/p>\n<h2 style=\"text-align: center\"><strong><em>KAJA&nbsp; &nbsp; &nbsp;MLADENOV<\/em><\/strong><\/h2>\n<h3 style=\"text-align: center\"><strong><em>( iz Labina )<\/em><\/strong><\/h3>\n<p><!--more--><\/p>\n<p>Posljednji ispra\u0107aj na\u0161e voljene pokojnice biti \u0107e u petak 15.09.2023. godine u 16,00 sati iz Komemorativnog centra u Labinu na gradsko groblje.<\/p>\n<p><em><strong>O\u017ealo\u0161\u0107eni:&nbsp;<\/strong><\/em>sinovi ZVONKO i ZORAN, nevjesta PETRA, unuci ANDI, KELIS, LEONA, LUCIJA, LIAM i TONI, bra\u0107a i sestre sa familijama, te ostala tuguju\u0107a rodbina.<\/p>\n\n\n<p><\/p>\n","protected":false},"excerpt":{"rendered":"<p>U dubokoj boli javljamo rodbini, prijateljima i znancima da nas je u utorak 12.09.2023. godine u 65. godini \u017eivota napustila na\u0161a voljena KAJA&nbsp; &nbsp; &nbsp;MLADENOV ( iz Labina )<\/p>\n","protected":false},"author":3,"featured_media":20082,"comment_status":"closed","ping_status":"closed","sticky":false,"template":"","format":"standard","meta":[],"categories":[3],"tags":[],"_links":{"self":[{"href":"https:\/\/prvimaj.hr\/index.php?rest_route=\/wp\/v2\/posts\/20083"}],"collection":[{"href":"https:\/\/prvimaj.hr\/index.php?rest_route=\/wp\/v2\/posts"}],"about":[{"href":"https:\/\/prvimaj.hr\/index.php?rest_route=\/wp\/v2\/types\/post"}],"author":[{"embeddable":true,"href":"https:\/\/prvimaj.hr\/index.php?rest_route=\/wp\/v2\/users\/3"}],"replies":[{"embeddable":true,"href":"https:\/\/prvimaj.hr\/index.php?rest_route=%2Fwp%2Fv2%2Fcomments&post=20083"}],"version-history":[{"count":2,"href":"https:\/\/prvimaj.hr\/index.php?rest_route=\/wp\/v2\/posts\/20083\/revisions"}],"predecessor-version":[{"id":20085,"href":"https:\/\/prvimaj.hr\/index.php?rest_route=\/wp\/v2\/posts\/20083\/revisions\/20085"}],"wp:featuredmedia":[{"embeddable":true,"href":"https:\/\/prvimaj.hr\/index.php?rest_route=\/wp\/v2\/media\/20082"}],"wp:attachment":[{"href":"https:\/\/prvimaj.hr\/index.php?rest_route=%2Fwp%2Fv2%2Fmedia&parent=20083"}],"wp:term":[{"taxonomy":"category","embeddable":true,"href":"https:\/\/prvimaj.hr\/index.php?rest_route=%2Fwp%2Fv2%2Fcategories&post=20083"},{"taxonomy":"post_tag","embeddable":true,"href":"https:\/\/prvimaj.hr\/index.php?rest_route=%2Fwp%2Fv2%2Ftags&post=20083"}],"curies":[{"name":"wp","href":"https:\/\/api.w.org\/{rel}","templated":true}]}}