{"id":20115,"date":"2023-09-21T06:29:20","date_gmt":"2023-09-21T05:29:20","guid":{"rendered":"https:\/\/prvimaj.hr\/?p=20115"},"modified":"2023-09-21T06:29:29","modified_gmt":"2023-09-21T05:29:29","slug":"semsada-vidali","status":"publish","type":"post","link":"https:\/\/prvimaj.hr\/?p=20115","title":{"rendered":"\u0160emsada Vidali"},"content":{"rendered":"<p>S tugom u srcu javljamo rodbini, prijateljima i znancima da nas je u ponedjeljak 18.09.2023. godine u 59- oj godini \u017eivota napustila na\u0161a voljena<\/p>\n<h2 style=\"text-align: center\"><em><strong>\u0160EMSADA&nbsp; &nbsp;VIDALI<\/strong><\/em><\/h2>\n<h3 style=\"text-align: center\"><em><strong>( ro\u0111. Viki\u0107 )<\/strong><\/em><\/h3>\n<p><!--more-->Posljednji ispra\u0107aj na\u0161e voljene pokojnice biti \u0107e u petak 22.09.2023. godine u 16,00 sati iz Komemorativnog centra u Labinu na gradsko groblje.<\/p>\n<p><em><strong>Molimo da umjesto cvije\u0107a i svije\u0107a novac donirate udruzi &#8221; Mendula &#8221; koji \u0107e biti doniran najpotrebnijima. HR 4324070001100421405<\/strong><\/em><\/p>\n<p><em><strong>O\u017ealo\u0161\u0107eni:&nbsp;<\/strong><\/em>mama ARIFA, suprug BRUNO, k\u0107erka ORNELIJA, sin MARIO, zet DRAGO, unuke NATALI i VALENTINA, sestre EMSADA i MERSADA sa familijama, kunjada EMINA sa familijom, te ostala tuguju\u0107a rodbina.<\/p>\n","protected":false},"excerpt":{"rendered":"<p>S tugom u srcu javljamo rodbini, prijateljima i znancima da nas je u ponedjeljak 18.09.2023. godine u 59- oj godini \u017eivota napustila na\u0161a voljena \u0160EMSADA&nbsp; &nbsp;VIDALI ( ro\u0111. Viki\u0107 )<\/p>\n","protected":false},"author":3,"featured_media":20116,"comment_status":"closed","ping_status":"closed","sticky":false,"template":"","format":"standard","meta":[],"categories":[3],"tags":[],"_links":{"self":[{"href":"https:\/\/prvimaj.hr\/index.php?rest_route=\/wp\/v2\/posts\/20115"}],"collection":[{"href":"https:\/\/prvimaj.hr\/index.php?rest_route=\/wp\/v2\/posts"}],"about":[{"href":"https:\/\/prvimaj.hr\/index.php?rest_route=\/wp\/v2\/types\/post"}],"author":[{"embeddable":true,"href":"https:\/\/prvimaj.hr\/index.php?rest_route=\/wp\/v2\/users\/3"}],"replies":[{"embeddable":true,"href":"https:\/\/prvimaj.hr\/index.php?rest_route=%2Fwp%2Fv2%2Fcomments&post=20115"}],"version-history":[{"count":2,"href":"https:\/\/prvimaj.hr\/index.php?rest_route=\/wp\/v2\/posts\/20115\/revisions"}],"predecessor-version":[{"id":20118,"href":"https:\/\/prvimaj.hr\/index.php?rest_route=\/wp\/v2\/posts\/20115\/revisions\/20118"}],"wp:featuredmedia":[{"embeddable":true,"href":"https:\/\/prvimaj.hr\/index.php?rest_route=\/wp\/v2\/media\/20116"}],"wp:attachment":[{"href":"https:\/\/prvimaj.hr\/index.php?rest_route=%2Fwp%2Fv2%2Fmedia&parent=20115"}],"wp:term":[{"taxonomy":"category","embeddable":true,"href":"https:\/\/prvimaj.hr\/index.php?rest_route=%2Fwp%2Fv2%2Fcategories&post=20115"},{"taxonomy":"post_tag","embeddable":true,"href":"https:\/\/prvimaj.hr\/index.php?rest_route=%2Fwp%2Fv2%2Ftags&post=20115"}],"curies":[{"name":"wp","href":"https:\/\/api.w.org\/{rel}","templated":true}]}}