{"id":20237,"date":"2023-10-16T07:32:45","date_gmt":"2023-10-16T06:32:45","guid":{"rendered":"https:\/\/prvimaj.hr\/?p=20237"},"modified":"2023-10-16T07:32:59","modified_gmt":"2023-10-16T06:32:59","slug":"draga-subotic","status":"publish","type":"post","link":"https:\/\/prvimaj.hr\/?p=20237","title":{"rendered":"Draga  Suboti\u0107"},"content":{"rendered":"<p>S tugom u srcu javljamo rodbini, prijateljima i znancima da nas je u petak 13.10.2023. godine u 94. godini \u017eivota napustila na\u0161a voljena<\/p>\n<h2 style=\"text-align: center\"><strong><em>DRAGA&nbsp; &nbsp; SUBOTI\u0106<\/em><\/strong><\/h2>\n<h3 style=\"text-align: center\"><strong><em>( iz Labina )<\/em><\/strong><\/h3>\n<p><!--more--><\/p>\n<p>Posljednji ispra\u0107aj na\u0161e voljene pokojnice biti \u0107e u utorak 17.10.2023. godine u krugu obitelji iz Komemorativnog centra u Labinu na gradsko groblje.<\/p>\n<p><strong><em>O\u017ealo\u0161\u0107eni:&nbsp;<\/em><\/strong>k\u0107erka GOSPAVA, sin PREDRAG, unuci ANA, TATIANA, STEFANO, LUKA, ALEKSANDRA i DANIELA, praunuci SOFIA i DOMINIK, te ostala tuguju\u0107a rodbina.<\/p>\n\n\n<p><\/p>\n","protected":false},"excerpt":{"rendered":"<p>S tugom u srcu javljamo rodbini, prijateljima i znancima da nas je u petak 13.10.2023. godine u 94. godini \u017eivota napustila na\u0161a voljena DRAGA&nbsp; &nbsp; SUBOTI\u0106 ( iz Labina )<\/p>\n","protected":false},"author":3,"featured_media":20236,"comment_status":"closed","ping_status":"closed","sticky":false,"template":"","format":"standard","meta":[],"categories":[3],"tags":[],"_links":{"self":[{"href":"https:\/\/prvimaj.hr\/index.php?rest_route=\/wp\/v2\/posts\/20237"}],"collection":[{"href":"https:\/\/prvimaj.hr\/index.php?rest_route=\/wp\/v2\/posts"}],"about":[{"href":"https:\/\/prvimaj.hr\/index.php?rest_route=\/wp\/v2\/types\/post"}],"author":[{"embeddable":true,"href":"https:\/\/prvimaj.hr\/index.php?rest_route=\/wp\/v2\/users\/3"}],"replies":[{"embeddable":true,"href":"https:\/\/prvimaj.hr\/index.php?rest_route=%2Fwp%2Fv2%2Fcomments&post=20237"}],"version-history":[{"count":2,"href":"https:\/\/prvimaj.hr\/index.php?rest_route=\/wp\/v2\/posts\/20237\/revisions"}],"predecessor-version":[{"id":20239,"href":"https:\/\/prvimaj.hr\/index.php?rest_route=\/wp\/v2\/posts\/20237\/revisions\/20239"}],"wp:featuredmedia":[{"embeddable":true,"href":"https:\/\/prvimaj.hr\/index.php?rest_route=\/wp\/v2\/media\/20236"}],"wp:attachment":[{"href":"https:\/\/prvimaj.hr\/index.php?rest_route=%2Fwp%2Fv2%2Fmedia&parent=20237"}],"wp:term":[{"taxonomy":"category","embeddable":true,"href":"https:\/\/prvimaj.hr\/index.php?rest_route=%2Fwp%2Fv2%2Fcategories&post=20237"},{"taxonomy":"post_tag","embeddable":true,"href":"https:\/\/prvimaj.hr\/index.php?rest_route=%2Fwp%2Fv2%2Ftags&post=20237"}],"curies":[{"name":"wp","href":"https:\/\/api.w.org\/{rel}","templated":true}]}}