{"id":20273,"date":"2023-10-18T05:53:31","date_gmt":"2023-10-18T04:53:31","guid":{"rendered":"https:\/\/prvimaj.hr\/?p=20273"},"modified":"2023-10-18T05:53:53","modified_gmt":"2023-10-18T04:53:53","slug":"marcelo-fable","status":"publish","type":"post","link":"https:\/\/prvimaj.hr\/?p=20273","title":{"rendered":"Mar\u010delo Fable"},"content":{"rendered":"<p>S tugom u srcu javljamo rodbini, prijateljima i znancima da nas je u ponedjeljak 16.10.2023. godine u 76- oj godini \u017eivota napustio na\u0161 voljeni<\/p>\n<h2 style=\"text-align: center\"><em><strong>MAR\u010cELO&nbsp; &nbsp;FABLE<\/strong><\/em><\/h2>\n<h3 style=\"text-align: center\"><em><strong>( iz Lazari\u0107i )<\/strong><\/em><\/h3>\n<p><!--more-->Posljednji ispra\u0107aj na\u0161eg voljenog pokojnika biti \u0107e u \u010detvrtak 19.10.2023. godine u 14,00 sati iz Komemorativnog centra u Kr\u0161anu na mjesno groblje.<\/p>\n<p><em><strong>O\u017ealo\u0161\u0107eni:&nbsp;<\/strong><\/em>brat RATKO, sestra SILVANA, kunjada MARIJA, ne\u0107aci SANDRA, ROBI, LORETA i DRAGAN sa familijama te ostala tuguju\u0107a rodbina.<\/p>\n","protected":false},"excerpt":{"rendered":"<p>S tugom u srcu javljamo rodbini, prijateljima i znancima da nas je u ponedjeljak 16.10.2023. godine u 76- oj godini \u017eivota napustio na\u0161 voljeni MAR\u010cELO&nbsp; &nbsp;FABLE ( iz Lazari\u0107i )<\/p>\n","protected":false},"author":3,"featured_media":20274,"comment_status":"closed","ping_status":"closed","sticky":false,"template":"","format":"standard","meta":[],"categories":[3],"tags":[],"_links":{"self":[{"href":"https:\/\/prvimaj.hr\/index.php?rest_route=\/wp\/v2\/posts\/20273"}],"collection":[{"href":"https:\/\/prvimaj.hr\/index.php?rest_route=\/wp\/v2\/posts"}],"about":[{"href":"https:\/\/prvimaj.hr\/index.php?rest_route=\/wp\/v2\/types\/post"}],"author":[{"embeddable":true,"href":"https:\/\/prvimaj.hr\/index.php?rest_route=\/wp\/v2\/users\/3"}],"replies":[{"embeddable":true,"href":"https:\/\/prvimaj.hr\/index.php?rest_route=%2Fwp%2Fv2%2Fcomments&post=20273"}],"version-history":[{"count":2,"href":"https:\/\/prvimaj.hr\/index.php?rest_route=\/wp\/v2\/posts\/20273\/revisions"}],"predecessor-version":[{"id":20276,"href":"https:\/\/prvimaj.hr\/index.php?rest_route=\/wp\/v2\/posts\/20273\/revisions\/20276"}],"wp:featuredmedia":[{"embeddable":true,"href":"https:\/\/prvimaj.hr\/index.php?rest_route=\/wp\/v2\/media\/20274"}],"wp:attachment":[{"href":"https:\/\/prvimaj.hr\/index.php?rest_route=%2Fwp%2Fv2%2Fmedia&parent=20273"}],"wp:term":[{"taxonomy":"category","embeddable":true,"href":"https:\/\/prvimaj.hr\/index.php?rest_route=%2Fwp%2Fv2%2Fcategories&post=20273"},{"taxonomy":"post_tag","embeddable":true,"href":"https:\/\/prvimaj.hr\/index.php?rest_route=%2Fwp%2Fv2%2Ftags&post=20273"}],"curies":[{"name":"wp","href":"https:\/\/api.w.org\/{rel}","templated":true}]}}