{"id":20283,"date":"2023-10-18T12:11:22","date_gmt":"2023-10-18T11:11:22","guid":{"rendered":"https:\/\/prvimaj.hr\/?p=20283"},"modified":"2023-10-18T12:11:37","modified_gmt":"2023-10-18T11:11:37","slug":"anteo-gobo","status":"publish","type":"post","link":"https:\/\/prvimaj.hr\/?p=20283","title":{"rendered":"Anteo  Gobo"},"content":{"rendered":"<p>Tu\u017enim srcem javljamo rodbini, prijateljima i znancima \u017ealosnu vijest da nas je u utorak 17.10.2023. godine u 76. godini \u017eivota napustio na\u0161 voljeni<\/p>\n<h2 style=\"text-align: center\"><strong><em>ANTEO&nbsp; &nbsp; GOBO<\/em><\/strong><\/h2>\n<h3 style=\"text-align: center\"><strong><em>( Teo iz Gondoli\u0107i )<\/em><\/strong><\/h3>\n<p><!--more--><\/p>\n<p>Posljednji ispra\u0107aj na\u0161eg voljenog pokojnika biti \u0107e u \u010detvrtak 19.10.2023. godine u krugu obitelji iz Komemorativnog centra u Labinu na gradsko groblje.<\/p>\n<p><strong><em>Molimo za tihu su\u0107ut.<\/em><\/strong><\/p>\n<p><em><strong>O\u017ealo\u0161\u0107eni:&nbsp;<\/strong><\/em>sin ROBI, nevjesta HELENA, unuke RIA i REANA, kunjadi MILAN i VLADO, kunjade ZDENKA i ELIJA, ne\u0107aci MLADEN, TONI i IVA sa familijama, te ostala tuguju\u0107a rodbina.<\/p>\n","protected":false},"excerpt":{"rendered":"<p>Tu\u017enim srcem javljamo rodbini, prijateljima i znancima \u017ealosnu vijest da nas je u utorak 17.10.2023. godine u 76. godini \u017eivota napustio na\u0161 voljeni ANTEO&nbsp; &nbsp; GOBO ( Teo iz Gondoli\u0107i )<\/p>\n","protected":false},"author":3,"featured_media":20282,"comment_status":"closed","ping_status":"closed","sticky":false,"template":"","format":"standard","meta":[],"categories":[3],"tags":[],"_links":{"self":[{"href":"https:\/\/prvimaj.hr\/index.php?rest_route=\/wp\/v2\/posts\/20283"}],"collection":[{"href":"https:\/\/prvimaj.hr\/index.php?rest_route=\/wp\/v2\/posts"}],"about":[{"href":"https:\/\/prvimaj.hr\/index.php?rest_route=\/wp\/v2\/types\/post"}],"author":[{"embeddable":true,"href":"https:\/\/prvimaj.hr\/index.php?rest_route=\/wp\/v2\/users\/3"}],"replies":[{"embeddable":true,"href":"https:\/\/prvimaj.hr\/index.php?rest_route=%2Fwp%2Fv2%2Fcomments&post=20283"}],"version-history":[{"count":2,"href":"https:\/\/prvimaj.hr\/index.php?rest_route=\/wp\/v2\/posts\/20283\/revisions"}],"predecessor-version":[{"id":20285,"href":"https:\/\/prvimaj.hr\/index.php?rest_route=\/wp\/v2\/posts\/20283\/revisions\/20285"}],"wp:featuredmedia":[{"embeddable":true,"href":"https:\/\/prvimaj.hr\/index.php?rest_route=\/wp\/v2\/media\/20282"}],"wp:attachment":[{"href":"https:\/\/prvimaj.hr\/index.php?rest_route=%2Fwp%2Fv2%2Fmedia&parent=20283"}],"wp:term":[{"taxonomy":"category","embeddable":true,"href":"https:\/\/prvimaj.hr\/index.php?rest_route=%2Fwp%2Fv2%2Fcategories&post=20283"},{"taxonomy":"post_tag","embeddable":true,"href":"https:\/\/prvimaj.hr\/index.php?rest_route=%2Fwp%2Fv2%2Ftags&post=20283"}],"curies":[{"name":"wp","href":"https:\/\/api.w.org\/{rel}","templated":true}]}}