{"id":20376,"date":"2023-10-29T12:46:26","date_gmt":"2023-10-29T11:46:26","guid":{"rendered":"https:\/\/prvimaj.hr\/?p=20376"},"modified":"2023-10-29T12:46:35","modified_gmt":"2023-10-29T11:46:35","slug":"hasib-halilovic","status":"publish","type":"post","link":"https:\/\/prvimaj.hr\/?p=20376","title":{"rendered":"Hasib Halilovi\u0107"},"content":{"rendered":"<p>S tugom u srcu javljamo svoj rodbini, prijateljima i znancima da nas je u subotu 28.10.2023. godine u 80- oj godini \u017eivota napustio na\u0161 voljeni<\/p>\n<h2 style=\"text-align: center\"><em><strong>HASIB&nbsp; HALILOVI\u0106<\/strong><\/em><\/h2>\n<h3 style=\"text-align: center\"><em><strong>( iz Labina )<\/strong><\/em><\/h3>\n<p><!--more-->Posljednji ispra\u0107aj na\u0161eg voljenog pokojnika biti \u0107e u krugu obitelji iz Komemorativnog centra u Labinu na gradsko groblje.<\/p>\n<p><em><strong>O\u017ealo\u0161\u0107eni:&nbsp;<\/strong><\/em>supruga NATA\u0160A, sin NESIB, k\u0107erke ZULFETA, NESIBA, MIRSADA i VJERANA, zetovi DANIJEL, JASMIN, RINALDO i SILVANO, unuci AMAR, LEAN, ERIK, BORNA i DORIAN, te ostala tuguju\u0107a rodbina.<\/p>\n","protected":false},"excerpt":{"rendered":"<p>S tugom u srcu javljamo svoj rodbini, prijateljima i znancima da nas je u subotu 28.10.2023. godine u 80- oj godini \u017eivota napustio na\u0161 voljeni HASIB&nbsp; HALILOVI\u0106 ( iz Labina )<\/p>\n","protected":false},"author":3,"featured_media":20377,"comment_status":"closed","ping_status":"closed","sticky":false,"template":"","format":"standard","meta":[],"categories":[3],"tags":[],"_links":{"self":[{"href":"https:\/\/prvimaj.hr\/index.php?rest_route=\/wp\/v2\/posts\/20376"}],"collection":[{"href":"https:\/\/prvimaj.hr\/index.php?rest_route=\/wp\/v2\/posts"}],"about":[{"href":"https:\/\/prvimaj.hr\/index.php?rest_route=\/wp\/v2\/types\/post"}],"author":[{"embeddable":true,"href":"https:\/\/prvimaj.hr\/index.php?rest_route=\/wp\/v2\/users\/3"}],"replies":[{"embeddable":true,"href":"https:\/\/prvimaj.hr\/index.php?rest_route=%2Fwp%2Fv2%2Fcomments&post=20376"}],"version-history":[{"count":2,"href":"https:\/\/prvimaj.hr\/index.php?rest_route=\/wp\/v2\/posts\/20376\/revisions"}],"predecessor-version":[{"id":20379,"href":"https:\/\/prvimaj.hr\/index.php?rest_route=\/wp\/v2\/posts\/20376\/revisions\/20379"}],"wp:featuredmedia":[{"embeddable":true,"href":"https:\/\/prvimaj.hr\/index.php?rest_route=\/wp\/v2\/media\/20377"}],"wp:attachment":[{"href":"https:\/\/prvimaj.hr\/index.php?rest_route=%2Fwp%2Fv2%2Fmedia&parent=20376"}],"wp:term":[{"taxonomy":"category","embeddable":true,"href":"https:\/\/prvimaj.hr\/index.php?rest_route=%2Fwp%2Fv2%2Fcategories&post=20376"},{"taxonomy":"post_tag","embeddable":true,"href":"https:\/\/prvimaj.hr\/index.php?rest_route=%2Fwp%2Fv2%2Ftags&post=20376"}],"curies":[{"name":"wp","href":"https:\/\/api.w.org\/{rel}","templated":true}]}}