{"id":20418,"date":"2023-11-02T07:32:53","date_gmt":"2023-11-02T06:32:53","guid":{"rendered":"https:\/\/prvimaj.hr\/?p=20418"},"modified":"2023-11-02T07:33:00","modified_gmt":"2023-11-02T06:33:00","slug":"marija-lanca-2","status":"publish","type":"post","link":"https:\/\/prvimaj.hr\/?p=20418","title":{"rendered":"Marija Lan\u010da"},"content":{"rendered":"<p>Tu\u017enim srcem javljamo rodbini, prijateljima i znancima \u017ealosnu vijest da nas e u ponedjeljak 30.10.2023. godine u 89- oj godini \u017eivota napustila na\u0161a voljena<\/p>\n<h2 style=\"text-align: center\"><em><strong>MARIJA&nbsp; &nbsp;LAN\u010cA<\/strong><\/em><\/h2>\n<h3 style=\"text-align: center\"><em><strong>( ro\u0111. Biljuh )<\/strong><\/em><\/h3>\n<p><!--more-->Posljednji ispra\u0107aj na\u0161e voljene pokojnice biti \u0107e u petak 03.11.2023. godine u krugu obitelji iz Komemorativnog centra u Sv. Lovre\u010du Labinskom &#8211; Dimini\u0107i na mjesno groblje.<\/p>\n<p><em><strong>Molimo za tihu su\u0107ut.<\/strong><\/em><\/p>\n<p><em><strong>O\u017ealo\u0161\u0107eni:&nbsp;<\/strong><\/em>k\u0107erka ELSA, sin LORETO, zet KLAUDIO, unuci \u0110ANI sa ANTONELLOM i FLORIJAN sa VERONICOM, sestra ANGELINA i kunjada JOLANDA sa familijama, te ostala tuguju\u0107a rodbina.<\/p>\n","protected":false},"excerpt":{"rendered":"<p>Tu\u017enim srcem javljamo rodbini, prijateljima i znancima \u017ealosnu vijest da nas e u ponedjeljak 30.10.2023. godine u 89- oj godini \u017eivota napustila na\u0161a voljena MARIJA&nbsp; &nbsp;LAN\u010cA ( ro\u0111. Biljuh )<\/p>\n","protected":false},"author":3,"featured_media":20419,"comment_status":"closed","ping_status":"closed","sticky":false,"template":"","format":"standard","meta":[],"categories":[3],"tags":[],"_links":{"self":[{"href":"https:\/\/prvimaj.hr\/index.php?rest_route=\/wp\/v2\/posts\/20418"}],"collection":[{"href":"https:\/\/prvimaj.hr\/index.php?rest_route=\/wp\/v2\/posts"}],"about":[{"href":"https:\/\/prvimaj.hr\/index.php?rest_route=\/wp\/v2\/types\/post"}],"author":[{"embeddable":true,"href":"https:\/\/prvimaj.hr\/index.php?rest_route=\/wp\/v2\/users\/3"}],"replies":[{"embeddable":true,"href":"https:\/\/prvimaj.hr\/index.php?rest_route=%2Fwp%2Fv2%2Fcomments&post=20418"}],"version-history":[{"count":2,"href":"https:\/\/prvimaj.hr\/index.php?rest_route=\/wp\/v2\/posts\/20418\/revisions"}],"predecessor-version":[{"id":20424,"href":"https:\/\/prvimaj.hr\/index.php?rest_route=\/wp\/v2\/posts\/20418\/revisions\/20424"}],"wp:featuredmedia":[{"embeddable":true,"href":"https:\/\/prvimaj.hr\/index.php?rest_route=\/wp\/v2\/media\/20419"}],"wp:attachment":[{"href":"https:\/\/prvimaj.hr\/index.php?rest_route=%2Fwp%2Fv2%2Fmedia&parent=20418"}],"wp:term":[{"taxonomy":"category","embeddable":true,"href":"https:\/\/prvimaj.hr\/index.php?rest_route=%2Fwp%2Fv2%2Fcategories&post=20418"},{"taxonomy":"post_tag","embeddable":true,"href":"https:\/\/prvimaj.hr\/index.php?rest_route=%2Fwp%2Fv2%2Ftags&post=20418"}],"curies":[{"name":"wp","href":"https:\/\/api.w.org\/{rel}","templated":true}]}}