{"id":20433,"date":"2023-11-03T07:33:21","date_gmt":"2023-11-03T06:33:21","guid":{"rendered":"https:\/\/prvimaj.hr\/?p=20433"},"modified":"2023-11-03T07:33:36","modified_gmt":"2023-11-03T06:33:36","slug":"armando-nacinovic","status":"publish","type":"post","link":"https:\/\/prvimaj.hr\/?p=20433","title":{"rendered":"Armando  Na\u010dinovi\u0107"},"content":{"rendered":"<p>S tugom u srcu javljamo rodbini, prijateljima i znancima da nas je u utorak 31.10.2023. godine u 69. godini \u017eivota napustio na\u0161 voljeni&nbsp;<\/p>\n<h2 style=\"text-align: center\"><strong><em>ARMANDO&nbsp; &nbsp; NA\u010cINOVI\u0106<\/em><\/strong><\/h2>\n<h3 style=\"text-align: center\"><strong><em>( iz Rapca )<\/em><\/strong><\/h3>\n<p><!--more--><\/p>\n<p>Posljednji ispra\u0107aj na\u0161eg voljenog pokojnika biti \u0107e u subotu 04.11.2023. godine u 12,00 sati iz Komemorativnog centra u Labinu na gradsko groblje.<\/p>\n<p><strong><em>O\u017ealo\u0161\u0107eni:&nbsp;<\/em><\/strong>supruga ORIANA, sin ALEN, k\u0107erka ELIANA, nevjesta SANJA, zet IVAN, unuci LEIS, IAN i LEAN, brat JOSIP ( PINO ), kunjada SLAVICA, ne\u0107akinje IVANA i SANJA sa familijama, ta\u0161\u0107a MARIJA, kunjada NOEMI sa familijom, te ostala tuguju\u0107a rodbina.<\/p>\n\n\n<p><\/p>\n","protected":false},"excerpt":{"rendered":"<p>S tugom u srcu javljamo rodbini, prijateljima i znancima da nas je u utorak 31.10.2023. godine u 69. godini \u017eivota napustio na\u0161 voljeni&nbsp; ARMANDO&nbsp; &nbsp; NA\u010cINOVI\u0106 ( iz Rapca )<\/p>\n","protected":false},"author":3,"featured_media":20432,"comment_status":"closed","ping_status":"closed","sticky":false,"template":"","format":"standard","meta":[],"categories":[3],"tags":[],"_links":{"self":[{"href":"https:\/\/prvimaj.hr\/index.php?rest_route=\/wp\/v2\/posts\/20433"}],"collection":[{"href":"https:\/\/prvimaj.hr\/index.php?rest_route=\/wp\/v2\/posts"}],"about":[{"href":"https:\/\/prvimaj.hr\/index.php?rest_route=\/wp\/v2\/types\/post"}],"author":[{"embeddable":true,"href":"https:\/\/prvimaj.hr\/index.php?rest_route=\/wp\/v2\/users\/3"}],"replies":[{"embeddable":true,"href":"https:\/\/prvimaj.hr\/index.php?rest_route=%2Fwp%2Fv2%2Fcomments&post=20433"}],"version-history":[{"count":3,"href":"https:\/\/prvimaj.hr\/index.php?rest_route=\/wp\/v2\/posts\/20433\/revisions"}],"predecessor-version":[{"id":20436,"href":"https:\/\/prvimaj.hr\/index.php?rest_route=\/wp\/v2\/posts\/20433\/revisions\/20436"}],"wp:featuredmedia":[{"embeddable":true,"href":"https:\/\/prvimaj.hr\/index.php?rest_route=\/wp\/v2\/media\/20432"}],"wp:attachment":[{"href":"https:\/\/prvimaj.hr\/index.php?rest_route=%2Fwp%2Fv2%2Fmedia&parent=20433"}],"wp:term":[{"taxonomy":"category","embeddable":true,"href":"https:\/\/prvimaj.hr\/index.php?rest_route=%2Fwp%2Fv2%2Fcategories&post=20433"},{"taxonomy":"post_tag","embeddable":true,"href":"https:\/\/prvimaj.hr\/index.php?rest_route=%2Fwp%2Fv2%2Ftags&post=20433"}],"curies":[{"name":"wp","href":"https:\/\/api.w.org\/{rel}","templated":true}]}}