{"id":20478,"date":"2023-11-08T08:07:08","date_gmt":"2023-11-08T07:07:08","guid":{"rendered":"https:\/\/prvimaj.hr\/?p=20478"},"modified":"2023-11-08T08:07:18","modified_gmt":"2023-11-08T07:07:18","slug":"roberto-pecek","status":"publish","type":"post","link":"https:\/\/prvimaj.hr\/?p=20478","title":{"rendered":"Roberto Pecek"},"content":{"rendered":"<p>S tugom u srcu javljamo rodbini, prijateljima i znancima da nas je u ponedjeljak 06.11.2023. godine u 51- oj godini \u017eivota napustio na\u0161 voljeni<\/p>\n<h2 style=\"text-align: center\"><em><strong>ROBERT&nbsp; &nbsp; PECEK<\/strong><\/em><\/h2>\n<h3 style=\"text-align: center\"><em><strong>( iz Nede\u0161\u0107ine )<\/strong><\/em><\/h3>\n<p><!--more-->Posljednji ispra\u0107aj na\u0161eg voljenog pokojnika biti \u0107e u \u010detvrtak 09.11.2023. godine u krugu obitelji iz Komemorativnog centra u Sv. Nedelji &#8211; Nede\u0161\u0107ini.<\/p>\n<p><em><strong>O\u017ealo\u0161\u0107eni:&nbsp;<\/strong><\/em>brat JOSIP, cija VIOLETA, cio SER\u0110O i brati\u0107 ZORAN, te ostala tuguju\u0107a rodbina.<\/p>\n","protected":false},"excerpt":{"rendered":"<p>S tugom u srcu javljamo rodbini, prijateljima i znancima da nas je u ponedjeljak 06.11.2023. godine u 51- oj godini \u017eivota napustio na\u0161 voljeni ROBERT&nbsp; &nbsp; PECEK ( iz Nede\u0161\u0107ine )<\/p>\n","protected":false},"author":3,"featured_media":20479,"comment_status":"closed","ping_status":"closed","sticky":false,"template":"","format":"standard","meta":[],"categories":[3],"tags":[],"_links":{"self":[{"href":"https:\/\/prvimaj.hr\/index.php?rest_route=\/wp\/v2\/posts\/20478"}],"collection":[{"href":"https:\/\/prvimaj.hr\/index.php?rest_route=\/wp\/v2\/posts"}],"about":[{"href":"https:\/\/prvimaj.hr\/index.php?rest_route=\/wp\/v2\/types\/post"}],"author":[{"embeddable":true,"href":"https:\/\/prvimaj.hr\/index.php?rest_route=\/wp\/v2\/users\/3"}],"replies":[{"embeddable":true,"href":"https:\/\/prvimaj.hr\/index.php?rest_route=%2Fwp%2Fv2%2Fcomments&post=20478"}],"version-history":[{"count":2,"href":"https:\/\/prvimaj.hr\/index.php?rest_route=\/wp\/v2\/posts\/20478\/revisions"}],"predecessor-version":[{"id":20481,"href":"https:\/\/prvimaj.hr\/index.php?rest_route=\/wp\/v2\/posts\/20478\/revisions\/20481"}],"wp:featuredmedia":[{"embeddable":true,"href":"https:\/\/prvimaj.hr\/index.php?rest_route=\/wp\/v2\/media\/20479"}],"wp:attachment":[{"href":"https:\/\/prvimaj.hr\/index.php?rest_route=%2Fwp%2Fv2%2Fmedia&parent=20478"}],"wp:term":[{"taxonomy":"category","embeddable":true,"href":"https:\/\/prvimaj.hr\/index.php?rest_route=%2Fwp%2Fv2%2Fcategories&post=20478"},{"taxonomy":"post_tag","embeddable":true,"href":"https:\/\/prvimaj.hr\/index.php?rest_route=%2Fwp%2Fv2%2Ftags&post=20478"}],"curies":[{"name":"wp","href":"https:\/\/api.w.org\/{rel}","templated":true}]}}