{"id":20609,"date":"2023-11-27T09:48:55","date_gmt":"2023-11-27T08:48:55","guid":{"rendered":"https:\/\/prvimaj.hr\/?p=20609"},"modified":"2023-11-27T09:49:08","modified_gmt":"2023-11-27T08:49:08","slug":"fadil-mahmutovic","status":"publish","type":"post","link":"https:\/\/prvimaj.hr\/?p=20609","title":{"rendered":"Fadil Mahmutovi\u0107"},"content":{"rendered":"<p>S tugom u srcu javljamo rodbini, prijateljima i znancima \u017ealosnu vijest da je na\u0161 rahmetli<\/p>\n<h2 style=\"text-align: center\"><em><strong>FADIL&nbsp; &nbsp;MAHMUTOVI\u0106<\/strong><\/em><\/h2>\n<h3 style=\"text-align: center\"><em><strong>( iz Labina )<\/strong><\/em><\/h3>\n<p><!--more-->preselio na ahiret u nedjelju 26.11.2023. godine u 73- oj godini \u017eivota. D\u017eenaza \u0107e krenuti u utorak 28.11.2023. godine u 14,30 sati iz Komemorativnog centra u Labinu na gradsko groblje.<\/p>\n<p><em><strong>O\u017ealo\u0161\u0107eni:&nbsp;<\/strong><\/em>supruga ZEMINA, k\u0107erke AMRA i ERMINA, zetovi ALEKSANDAR i ALVIN, unuci ENOLA i NORA, sestre SENIJA i ZUMRA sa familijama, te ostala tuguju\u0107a rodbina.<\/p>\n","protected":false},"excerpt":{"rendered":"<p>S tugom u srcu javljamo rodbini, prijateljima i znancima \u017ealosnu vijest da je na\u0161 rahmetli FADIL&nbsp; &nbsp;MAHMUTOVI\u0106 ( iz Labina )<\/p>\n","protected":false},"author":3,"featured_media":20610,"comment_status":"closed","ping_status":"closed","sticky":false,"template":"","format":"standard","meta":[],"categories":[3],"tags":[],"_links":{"self":[{"href":"https:\/\/prvimaj.hr\/index.php?rest_route=\/wp\/v2\/posts\/20609"}],"collection":[{"href":"https:\/\/prvimaj.hr\/index.php?rest_route=\/wp\/v2\/posts"}],"about":[{"href":"https:\/\/prvimaj.hr\/index.php?rest_route=\/wp\/v2\/types\/post"}],"author":[{"embeddable":true,"href":"https:\/\/prvimaj.hr\/index.php?rest_route=\/wp\/v2\/users\/3"}],"replies":[{"embeddable":true,"href":"https:\/\/prvimaj.hr\/index.php?rest_route=%2Fwp%2Fv2%2Fcomments&post=20609"}],"version-history":[{"count":2,"href":"https:\/\/prvimaj.hr\/index.php?rest_route=\/wp\/v2\/posts\/20609\/revisions"}],"predecessor-version":[{"id":20612,"href":"https:\/\/prvimaj.hr\/index.php?rest_route=\/wp\/v2\/posts\/20609\/revisions\/20612"}],"wp:featuredmedia":[{"embeddable":true,"href":"https:\/\/prvimaj.hr\/index.php?rest_route=\/wp\/v2\/media\/20610"}],"wp:attachment":[{"href":"https:\/\/prvimaj.hr\/index.php?rest_route=%2Fwp%2Fv2%2Fmedia&parent=20609"}],"wp:term":[{"taxonomy":"category","embeddable":true,"href":"https:\/\/prvimaj.hr\/index.php?rest_route=%2Fwp%2Fv2%2Fcategories&post=20609"},{"taxonomy":"post_tag","embeddable":true,"href":"https:\/\/prvimaj.hr\/index.php?rest_route=%2Fwp%2Fv2%2Ftags&post=20609"}],"curies":[{"name":"wp","href":"https:\/\/api.w.org\/{rel}","templated":true}]}}