{"id":20620,"date":"2023-11-29T14:33:44","date_gmt":"2023-11-29T13:33:44","guid":{"rendered":"https:\/\/prvimaj.hr\/?p=20620"},"modified":"2023-11-29T14:33:58","modified_gmt":"2023-11-29T13:33:58","slug":"milan-frankovic","status":"publish","type":"post","link":"https:\/\/prvimaj.hr\/?p=20620","title":{"rendered":"Milan  Frankovi\u0107"},"content":{"rendered":"<p>Tu\u017enim srcem javljamo rodbini, prijateljima i znancima \u017ealosnu vijest da nas je u utorak 28.11.2023. godine u 85. godini \u017eivota napustio na\u0161 voljeni&nbsp;<\/p>\n<h2 style=\"text-align: center\"><strong><em>MILAN&nbsp; &nbsp; &nbsp;FRANKOVI\u0106<\/em><\/strong><\/h2>\n<h3 style=\"text-align: center\"><strong><em>( iz Mali Golji )<\/em><\/strong><\/h3>\n<p><!--more--><\/p>\n<p>Posljednji ispra\u0107aj na\u0161eg voljenog pokojnika biti \u0107e u \u010detvrtak 30.11.2023. godine u krugu obitelji iz Komemorativnog centra u Sv. Martinu &#8211; Martinskom na mjesno groblje.<\/p>\n<p><strong><em>Molimo za tihu su\u0107ut.<\/em><\/strong><\/p>\n<p><strong><em>O\u017ealo\u0161\u0107eni:&nbsp;<\/em><\/strong>supruga JOSIPA, k\u0107erke LORENA i \u0110ENI, zeti DAVOR i DARIO, unuci DANIJEL, LARISA i DOMINIK, praunuke ANJA i ALISON, sestre ALI\u010cE, JOLE, JAKOMINA, CELESTINA, OLGA i brat JOSIP sa familijama, kunjade DANICA i VANDA sa familijama, te ostala tuguju\u0107a rodbina.<\/p>\n","protected":false},"excerpt":{"rendered":"<p>Tu\u017enim srcem javljamo rodbini, prijateljima i znancima \u017ealosnu vijest da nas je u utorak 28.11.2023. godine u 85. godini \u017eivota napustio na\u0161 voljeni&nbsp; MILAN&nbsp; &nbsp; &nbsp;FRANKOVI\u0106 ( iz Mali Golji )<\/p>\n","protected":false},"author":3,"featured_media":20619,"comment_status":"closed","ping_status":"closed","sticky":false,"template":"","format":"standard","meta":[],"categories":[3],"tags":[],"_links":{"self":[{"href":"https:\/\/prvimaj.hr\/index.php?rest_route=\/wp\/v2\/posts\/20620"}],"collection":[{"href":"https:\/\/prvimaj.hr\/index.php?rest_route=\/wp\/v2\/posts"}],"about":[{"href":"https:\/\/prvimaj.hr\/index.php?rest_route=\/wp\/v2\/types\/post"}],"author":[{"embeddable":true,"href":"https:\/\/prvimaj.hr\/index.php?rest_route=\/wp\/v2\/users\/3"}],"replies":[{"embeddable":true,"href":"https:\/\/prvimaj.hr\/index.php?rest_route=%2Fwp%2Fv2%2Fcomments&post=20620"}],"version-history":[{"count":2,"href":"https:\/\/prvimaj.hr\/index.php?rest_route=\/wp\/v2\/posts\/20620\/revisions"}],"predecessor-version":[{"id":20622,"href":"https:\/\/prvimaj.hr\/index.php?rest_route=\/wp\/v2\/posts\/20620\/revisions\/20622"}],"wp:featuredmedia":[{"embeddable":true,"href":"https:\/\/prvimaj.hr\/index.php?rest_route=\/wp\/v2\/media\/20619"}],"wp:attachment":[{"href":"https:\/\/prvimaj.hr\/index.php?rest_route=%2Fwp%2Fv2%2Fmedia&parent=20620"}],"wp:term":[{"taxonomy":"category","embeddable":true,"href":"https:\/\/prvimaj.hr\/index.php?rest_route=%2Fwp%2Fv2%2Fcategories&post=20620"},{"taxonomy":"post_tag","embeddable":true,"href":"https:\/\/prvimaj.hr\/index.php?rest_route=%2Fwp%2Fv2%2Ftags&post=20620"}],"curies":[{"name":"wp","href":"https:\/\/api.w.org\/{rel}","templated":true}]}}