{"id":20639,"date":"2023-12-04T10:48:23","date_gmt":"2023-12-04T09:48:23","guid":{"rendered":"https:\/\/prvimaj.hr\/?p=20639"},"modified":"2023-12-05T09:10:56","modified_gmt":"2023-12-05T08:10:56","slug":"milija-derosi","status":"publish","type":"post","link":"https:\/\/prvimaj.hr\/?p=20639","title":{"rendered":"Milija Derosi"},"content":{"rendered":"<p>S tugom u srcu javljamo rodbini, prijateljima i znancima da nas je u ponedjeljak 4.12.2023. godine u 77- oj godini \u017eivota napustila na\u0161a voljena<\/p>\n<h2 style=\"text-align: center\"><em><strong>MILIJA\u00a0 \u00a0 DEROSI<\/strong><\/em><\/h2>\n<h3 style=\"text-align: center\"><em><strong>( iz \u0160trmca )<\/strong><\/em><\/h3>\n<p><!--more-->Posljednji ispra\u0107aj na\u0161e voljene pokojnice biti \u0107e u srijedu 06.12.2023. godine u 14,00 sati iz Komemorativnog centra u Sv. Nedelji &#8211; Nede\u0161\u0107ini na mjesno groblje.<\/p>\n<p><em><strong>O\u017ealo\u0161\u0107eni:\u00a0<\/strong><\/em>sinovi ROBI i IGOR, nevjeste ROBERTA i TIHA, unuci PAULO sa DANIJELOM, STEFANI, MASSIMA sa MICHAELOM i LUCIAN, sestre MARIJA i FIORELA, kunjade \u0110ULIA, ALI\u010cE, LINA, MARICA, ADA i \u0110ULIANA, ne\u0107aci i ne\u0107akinje, te ostala tuguju\u0107a rodbina.<\/p>\n","protected":false},"excerpt":{"rendered":"<p>S tugom u srcu javljamo rodbini, prijateljima i znancima da nas je u ponedjeljak 4.12.2023. godine u 77- oj godini \u017eivota napustila na\u0161a voljena MILIJA\u00a0 \u00a0 DEROSI ( iz \u0160trmca )<\/p>\n","protected":false},"author":3,"featured_media":20640,"comment_status":"closed","ping_status":"closed","sticky":false,"template":"","format":"standard","meta":[],"categories":[3],"tags":[],"_links":{"self":[{"href":"https:\/\/prvimaj.hr\/index.php?rest_route=\/wp\/v2\/posts\/20639"}],"collection":[{"href":"https:\/\/prvimaj.hr\/index.php?rest_route=\/wp\/v2\/posts"}],"about":[{"href":"https:\/\/prvimaj.hr\/index.php?rest_route=\/wp\/v2\/types\/post"}],"author":[{"embeddable":true,"href":"https:\/\/prvimaj.hr\/index.php?rest_route=\/wp\/v2\/users\/3"}],"replies":[{"embeddable":true,"href":"https:\/\/prvimaj.hr\/index.php?rest_route=%2Fwp%2Fv2%2Fcomments&post=20639"}],"version-history":[{"count":3,"href":"https:\/\/prvimaj.hr\/index.php?rest_route=\/wp\/v2\/posts\/20639\/revisions"}],"predecessor-version":[{"id":20653,"href":"https:\/\/prvimaj.hr\/index.php?rest_route=\/wp\/v2\/posts\/20639\/revisions\/20653"}],"wp:featuredmedia":[{"embeddable":true,"href":"https:\/\/prvimaj.hr\/index.php?rest_route=\/wp\/v2\/media\/20640"}],"wp:attachment":[{"href":"https:\/\/prvimaj.hr\/index.php?rest_route=%2Fwp%2Fv2%2Fmedia&parent=20639"}],"wp:term":[{"taxonomy":"category","embeddable":true,"href":"https:\/\/prvimaj.hr\/index.php?rest_route=%2Fwp%2Fv2%2Fcategories&post=20639"},{"taxonomy":"post_tag","embeddable":true,"href":"https:\/\/prvimaj.hr\/index.php?rest_route=%2Fwp%2Fv2%2Ftags&post=20639"}],"curies":[{"name":"wp","href":"https:\/\/api.w.org\/{rel}","templated":true}]}}