{"id":20698,"date":"2023-12-13T13:00:51","date_gmt":"2023-12-13T12:00:51","guid":{"rendered":"https:\/\/prvimaj.hr\/?p=20698"},"modified":"2023-12-13T13:00:59","modified_gmt":"2023-12-13T12:00:59","slug":"marijan-bujdo","status":"publish","type":"post","link":"https:\/\/prvimaj.hr\/?p=20698","title":{"rendered":"Marijan Bujdo"},"content":{"rendered":"<p>S tugom u srcu javljamo rodbini, prijateljima i znancima da nas je u utorak 12.12.2023. godine u 88- oj godini \u017eivota napustio na\u0161 voljeni<\/p>\n<h2 style=\"text-align: center\"><em><strong>MARIJAN&nbsp; &nbsp;BUJDO<\/strong><\/em><\/h2>\n<p><!--more-->Posljednji ispra\u0107aj na\u0161eg voljenog pokojnika biti \u0107e u petak 15.12.2023. godine u 13,00 sati iz Komemorativnog centra u Labinu na gradsko groblje.<\/p>\n<p><em><strong>O\u017ealo\u0161\u0107eni:&nbsp;<\/strong><\/em>sin IVAN, k\u0107erke MANDA i MARINA, zetovi BO\u017dO i MARIOS, snaha MARA, unuci DOBRICA, AGICA, MARIJANA, KATARINA i DIAMANTIS, praunuci SEBASTIAN, MAXIMILIAN, LUCA, LINA, NICO, MIA i ELEA, brat MATO, sestre IVKA i LUCIJA i ostala mnogobrojna rodbina.<\/p>\n","protected":false},"excerpt":{"rendered":"<p>S tugom u srcu javljamo rodbini, prijateljima i znancima da nas je u utorak 12.12.2023. godine u 88- oj godini \u017eivota napustio na\u0161 voljeni MARIJAN&nbsp; &nbsp;BUJDO<\/p>\n","protected":false},"author":3,"featured_media":20699,"comment_status":"closed","ping_status":"closed","sticky":false,"template":"","format":"standard","meta":[],"categories":[3],"tags":[],"_links":{"self":[{"href":"https:\/\/prvimaj.hr\/index.php?rest_route=\/wp\/v2\/posts\/20698"}],"collection":[{"href":"https:\/\/prvimaj.hr\/index.php?rest_route=\/wp\/v2\/posts"}],"about":[{"href":"https:\/\/prvimaj.hr\/index.php?rest_route=\/wp\/v2\/types\/post"}],"author":[{"embeddable":true,"href":"https:\/\/prvimaj.hr\/index.php?rest_route=\/wp\/v2\/users\/3"}],"replies":[{"embeddable":true,"href":"https:\/\/prvimaj.hr\/index.php?rest_route=%2Fwp%2Fv2%2Fcomments&post=20698"}],"version-history":[{"count":2,"href":"https:\/\/prvimaj.hr\/index.php?rest_route=\/wp\/v2\/posts\/20698\/revisions"}],"predecessor-version":[{"id":20701,"href":"https:\/\/prvimaj.hr\/index.php?rest_route=\/wp\/v2\/posts\/20698\/revisions\/20701"}],"wp:featuredmedia":[{"embeddable":true,"href":"https:\/\/prvimaj.hr\/index.php?rest_route=\/wp\/v2\/media\/20699"}],"wp:attachment":[{"href":"https:\/\/prvimaj.hr\/index.php?rest_route=%2Fwp%2Fv2%2Fmedia&parent=20698"}],"wp:term":[{"taxonomy":"category","embeddable":true,"href":"https:\/\/prvimaj.hr\/index.php?rest_route=%2Fwp%2Fv2%2Fcategories&post=20698"},{"taxonomy":"post_tag","embeddable":true,"href":"https:\/\/prvimaj.hr\/index.php?rest_route=%2Fwp%2Fv2%2Ftags&post=20698"}],"curies":[{"name":"wp","href":"https:\/\/api.w.org\/{rel}","templated":true}]}}