{"id":20776,"date":"2023-12-15T09:51:47","date_gmt":"2023-12-15T08:51:47","guid":{"rendered":"https:\/\/prvimaj.hr\/?p=20776"},"modified":"2023-12-15T09:52:43","modified_gmt":"2023-12-15T08:52:43","slug":"marija-viskovic-3","status":"publish","type":"post","link":"https:\/\/prvimaj.hr\/?p=20776","title":{"rendered":"Marija  Vi\u0161kovi\u0107"},"content":{"rendered":"<p>S tugom u srcu javljamo rodbini, prijateljima i znancima da nas je u srijedu 13.12.2023. godine u 83. godini \u017eivota nakon duge i te\u0161ke bolesti napustila na\u0161a voljena<\/p>\n<h2 style=\"text-align: center\"><strong><em>MARIJA&nbsp; &nbsp; &nbsp;VI\u0160KOVI\u0106<\/em><\/strong><\/h2>\n<h3 style=\"text-align: center\"><em><strong>( Marica )<\/strong><\/em><\/h3>\n<p><!--more--><\/p>\n<p>Posljednji ispra\u0107aj na\u0161e voljene pokojnice biti \u0107e u subotu 16.12.2023. godine u 12,00 sati iz Komemorativnog centra u Labinu na gradsko groblje.<\/p>\n<p><strong><em>O\u017ealo\u0161\u0107eni:&nbsp;<\/em><\/strong>suprug GVERINO, k\u0107i ESTER, zet HARRY, unuci LORNA s MARJANOM, LEONA s ANTONIJEM, KARLO s MARTINOM, praunuci BARTOL, FILIP, VITO, EVA i ANA, brat JAKOV s obitelji, ne\u0107aci i ne\u0107akinje, te ostala tuguju\u0107a rodbina.<\/p>\n\n\n<p><\/p>\n","protected":false},"excerpt":{"rendered":"<p>S tugom u srcu javljamo rodbini, prijateljima i znancima da nas je u srijedu 13.12.2023. godine u 83. godini \u017eivota nakon duge i te\u0161ke bolesti napustila na\u0161a voljena MARIJA&nbsp; &nbsp; &nbsp;VI\u0160KOVI\u0106 ( Marica )<\/p>\n","protected":false},"author":3,"featured_media":20775,"comment_status":"closed","ping_status":"closed","sticky":false,"template":"","format":"standard","meta":[],"categories":[3],"tags":[],"_links":{"self":[{"href":"https:\/\/prvimaj.hr\/index.php?rest_route=\/wp\/v2\/posts\/20776"}],"collection":[{"href":"https:\/\/prvimaj.hr\/index.php?rest_route=\/wp\/v2\/posts"}],"about":[{"href":"https:\/\/prvimaj.hr\/index.php?rest_route=\/wp\/v2\/types\/post"}],"author":[{"embeddable":true,"href":"https:\/\/prvimaj.hr\/index.php?rest_route=\/wp\/v2\/users\/3"}],"replies":[{"embeddable":true,"href":"https:\/\/prvimaj.hr\/index.php?rest_route=%2Fwp%2Fv2%2Fcomments&post=20776"}],"version-history":[{"count":2,"href":"https:\/\/prvimaj.hr\/index.php?rest_route=\/wp\/v2\/posts\/20776\/revisions"}],"predecessor-version":[{"id":20778,"href":"https:\/\/prvimaj.hr\/index.php?rest_route=\/wp\/v2\/posts\/20776\/revisions\/20778"}],"wp:featuredmedia":[{"embeddable":true,"href":"https:\/\/prvimaj.hr\/index.php?rest_route=\/wp\/v2\/media\/20775"}],"wp:attachment":[{"href":"https:\/\/prvimaj.hr\/index.php?rest_route=%2Fwp%2Fv2%2Fmedia&parent=20776"}],"wp:term":[{"taxonomy":"category","embeddable":true,"href":"https:\/\/prvimaj.hr\/index.php?rest_route=%2Fwp%2Fv2%2Fcategories&post=20776"},{"taxonomy":"post_tag","embeddable":true,"href":"https:\/\/prvimaj.hr\/index.php?rest_route=%2Fwp%2Fv2%2Ftags&post=20776"}],"curies":[{"name":"wp","href":"https:\/\/api.w.org\/{rel}","templated":true}]}}