{"id":20860,"date":"2023-12-27T09:03:38","date_gmt":"2023-12-27T08:03:38","guid":{"rendered":"https:\/\/prvimaj.hr\/?p=20860"},"modified":"2023-12-27T09:03:46","modified_gmt":"2023-12-27T08:03:46","slug":"suzana-miletic","status":"publish","type":"post","link":"https:\/\/prvimaj.hr\/?p=20860","title":{"rendered":"Suzana Mileti\u0107"},"content":{"rendered":"<p>S tugom u srcu javljamo tu\u017enu vijest svoj rodbini, prijateljima i znancima da nas je u utorak 26.12.2023. godine u 58- oj godini \u017eivota napustila na\u0161a voljena<\/p>\n<h2 style=\"text-align: center\"><em><strong>SUZANA&nbsp; &nbsp;MILETI\u0106<\/strong><\/em><\/h2>\n<h3 style=\"text-align: center\"><em><strong>( ro\u0111. \u0160umberac )<\/strong><\/em><\/h3>\n<p><!--more-->Posljednji ispra\u0107aj na\u0161e voljene pokojnice biti \u0107e u \u010detvrtak 28.12.2023. godine u krugu obitelji i prijatelja iz Komemorativnog centra u Labinu na gradsko groblje.<\/p>\n<p><em><strong>Molimo za tihu su\u0107ut.<\/strong><\/em><\/p>\n<p><em><strong>O\u017ealo\u0161\u0107eni:&nbsp;<\/strong><\/em>mama MARIZA, tata BRUNO, suprug BRANKO, sin ARIS, nevjesta STEFI, unuk JOSIP, kunjado BRUNO, kunjada SILVANA, te ostala tuguju\u0107a rodbina.<\/p>\n","protected":false},"excerpt":{"rendered":"<p>S tugom u srcu javljamo tu\u017enu vijest svoj rodbini, prijateljima i znancima da nas je u utorak 26.12.2023. godine u 58- oj godini \u017eivota napustila na\u0161a voljena SUZANA&nbsp; &nbsp;MILETI\u0106 ( ro\u0111. \u0160umberac )<\/p>\n","protected":false},"author":3,"featured_media":20861,"comment_status":"closed","ping_status":"closed","sticky":false,"template":"","format":"standard","meta":[],"categories":[3],"tags":[],"_links":{"self":[{"href":"https:\/\/prvimaj.hr\/index.php?rest_route=\/wp\/v2\/posts\/20860"}],"collection":[{"href":"https:\/\/prvimaj.hr\/index.php?rest_route=\/wp\/v2\/posts"}],"about":[{"href":"https:\/\/prvimaj.hr\/index.php?rest_route=\/wp\/v2\/types\/post"}],"author":[{"embeddable":true,"href":"https:\/\/prvimaj.hr\/index.php?rest_route=\/wp\/v2\/users\/3"}],"replies":[{"embeddable":true,"href":"https:\/\/prvimaj.hr\/index.php?rest_route=%2Fwp%2Fv2%2Fcomments&post=20860"}],"version-history":[{"count":2,"href":"https:\/\/prvimaj.hr\/index.php?rest_route=\/wp\/v2\/posts\/20860\/revisions"}],"predecessor-version":[{"id":20863,"href":"https:\/\/prvimaj.hr\/index.php?rest_route=\/wp\/v2\/posts\/20860\/revisions\/20863"}],"wp:featuredmedia":[{"embeddable":true,"href":"https:\/\/prvimaj.hr\/index.php?rest_route=\/wp\/v2\/media\/20861"}],"wp:attachment":[{"href":"https:\/\/prvimaj.hr\/index.php?rest_route=%2Fwp%2Fv2%2Fmedia&parent=20860"}],"wp:term":[{"taxonomy":"category","embeddable":true,"href":"https:\/\/prvimaj.hr\/index.php?rest_route=%2Fwp%2Fv2%2Fcategories&post=20860"},{"taxonomy":"post_tag","embeddable":true,"href":"https:\/\/prvimaj.hr\/index.php?rest_route=%2Fwp%2Fv2%2Ftags&post=20860"}],"curies":[{"name":"wp","href":"https:\/\/api.w.org\/{rel}","templated":true}]}}