{"id":20864,"date":"2023-12-27T10:28:21","date_gmt":"2023-12-27T09:28:21","guid":{"rendered":"https:\/\/prvimaj.hr\/?p=20864"},"modified":"2023-12-27T10:28:29","modified_gmt":"2023-12-27T09:28:29","slug":"remido-veljak","status":"publish","type":"post","link":"https:\/\/prvimaj.hr\/?p=20864","title":{"rendered":"Remi\u0111o Veljak"},"content":{"rendered":"<p>Tu\u017enim srcem javljamo rodbini, prijateljima i znancima a nas je u ponedjeljak 25.12.2023. godine u 83- oj godini \u017eivota napustio na\u0161 voljeni<\/p>\n<h2 style=\"text-align: center\"><em><strong>REMI\u0110O&nbsp; &nbsp;VELJAK<\/strong><\/em><\/h2>\n<h3 style=\"text-align: center\"><em><strong>( iz Kr\u0161ana )<\/strong><\/em><\/h3>\n<p><!--more-->Posljednji ispra\u0107aj na\u0161eg voljenog pokojnika biti \u0107e u petak 29.12.2023. godine u 14,00 sati iz Komemorativnog centra u Sv. Nedelji &#8211; Nede\u0161\u0107ini na mjesno groblje.<\/p>\n<p><em><strong>O\u017ealo\u0161\u0107eni:&nbsp;<\/strong><\/em>supruga MARICA, k\u0107erke LORENA i BARBARA, zeti ROBI i ROBI, unuci VALENTINA, FILIP i GA\u0160PAR, sestra \u0110INA sa familijom, bra\u0107a RENCO i MARIU\u010cO sa familijama, kunjadi SILVANO i \u0110ILDO sa familijama, te ostala tuguju\u0107a rodbina.<\/p>\n","protected":false},"excerpt":{"rendered":"<p>Tu\u017enim srcem javljamo rodbini, prijateljima i znancima a nas je u ponedjeljak 25.12.2023. godine u 83- oj godini \u017eivota napustio na\u0161 voljeni REMI\u0110O&nbsp; &nbsp;VELJAK ( iz Kr\u0161ana )<\/p>\n","protected":false},"author":3,"featured_media":20865,"comment_status":"closed","ping_status":"closed","sticky":false,"template":"","format":"standard","meta":[],"categories":[3],"tags":[],"_links":{"self":[{"href":"https:\/\/prvimaj.hr\/index.php?rest_route=\/wp\/v2\/posts\/20864"}],"collection":[{"href":"https:\/\/prvimaj.hr\/index.php?rest_route=\/wp\/v2\/posts"}],"about":[{"href":"https:\/\/prvimaj.hr\/index.php?rest_route=\/wp\/v2\/types\/post"}],"author":[{"embeddable":true,"href":"https:\/\/prvimaj.hr\/index.php?rest_route=\/wp\/v2\/users\/3"}],"replies":[{"embeddable":true,"href":"https:\/\/prvimaj.hr\/index.php?rest_route=%2Fwp%2Fv2%2Fcomments&post=20864"}],"version-history":[{"count":2,"href":"https:\/\/prvimaj.hr\/index.php?rest_route=\/wp\/v2\/posts\/20864\/revisions"}],"predecessor-version":[{"id":20867,"href":"https:\/\/prvimaj.hr\/index.php?rest_route=\/wp\/v2\/posts\/20864\/revisions\/20867"}],"wp:featuredmedia":[{"embeddable":true,"href":"https:\/\/prvimaj.hr\/index.php?rest_route=\/wp\/v2\/media\/20865"}],"wp:attachment":[{"href":"https:\/\/prvimaj.hr\/index.php?rest_route=%2Fwp%2Fv2%2Fmedia&parent=20864"}],"wp:term":[{"taxonomy":"category","embeddable":true,"href":"https:\/\/prvimaj.hr\/index.php?rest_route=%2Fwp%2Fv2%2Fcategories&post=20864"},{"taxonomy":"post_tag","embeddable":true,"href":"https:\/\/prvimaj.hr\/index.php?rest_route=%2Fwp%2Fv2%2Ftags&post=20864"}],"curies":[{"name":"wp","href":"https:\/\/api.w.org\/{rel}","templated":true}]}}