{"id":20870,"date":"2023-12-28T12:54:20","date_gmt":"2023-12-28T11:54:20","guid":{"rendered":"https:\/\/prvimaj.hr\/?p=20870"},"modified":"2023-12-28T13:00:47","modified_gmt":"2023-12-28T12:00:47","slug":"nikola-frleta","status":"publish","type":"post","link":"https:\/\/prvimaj.hr\/?p=20870","title":{"rendered":"Nikola  Frleta"},"content":{"rendered":"<p>S tugom u srcu javljamo rodbini, prijateljima i znancima da nas je dana 26.12.2023. godine u 82. godini \u017eivota napustio na\u0161 voljeni<\/p>\n<h2 style=\"text-align: center\"><strong><em>NIKOLA&nbsp; &nbsp; FRLETA<\/em><\/strong><\/h2>\n<p><!--more--><\/p>\n<p>Posljednji ispra\u0107aj na\u0161eg voljenog pokojnika bit \u0107e u petak 29.12.2023. godine u 13,00 sati iz Komemorativnog centra u Labinu na gradsko groblje.<\/p>\n<p><strong><em>O\u017ealo\u0161\u0107eni:&nbsp;<\/em><\/strong>supruga MELITA, k\u0107erka SANJA s MIRANOM, sin IVAN s NAGUOM, unuci EMILIO, LEON i AMELIA, brat ANTON s obitelji, sestre BEBA i MIRJANA sa obiteljima, \u0161ogor RENATO s obitelji, ne\u0107akinje, ne\u0107aci i ostala tuguju\u0107a rodbina.<\/p>\n\n\n<p><\/p>\n","protected":false},"excerpt":{"rendered":"<p>S tugom u srcu javljamo rodbini, prijateljima i znancima da nas je dana 26.12.2023. godine u 82. godini \u017eivota napustio na\u0161 voljeni NIKOLA&nbsp; &nbsp; FRLETA<\/p>\n","protected":false},"author":3,"featured_media":20869,"comment_status":"closed","ping_status":"closed","sticky":false,"template":"","format":"standard","meta":[],"categories":[3],"tags":[],"_links":{"self":[{"href":"https:\/\/prvimaj.hr\/index.php?rest_route=\/wp\/v2\/posts\/20870"}],"collection":[{"href":"https:\/\/prvimaj.hr\/index.php?rest_route=\/wp\/v2\/posts"}],"about":[{"href":"https:\/\/prvimaj.hr\/index.php?rest_route=\/wp\/v2\/types\/post"}],"author":[{"embeddable":true,"href":"https:\/\/prvimaj.hr\/index.php?rest_route=\/wp\/v2\/users\/3"}],"replies":[{"embeddable":true,"href":"https:\/\/prvimaj.hr\/index.php?rest_route=%2Fwp%2Fv2%2Fcomments&post=20870"}],"version-history":[{"count":2,"href":"https:\/\/prvimaj.hr\/index.php?rest_route=\/wp\/v2\/posts\/20870\/revisions"}],"predecessor-version":[{"id":20872,"href":"https:\/\/prvimaj.hr\/index.php?rest_route=\/wp\/v2\/posts\/20870\/revisions\/20872"}],"wp:featuredmedia":[{"embeddable":true,"href":"https:\/\/prvimaj.hr\/index.php?rest_route=\/wp\/v2\/media\/20869"}],"wp:attachment":[{"href":"https:\/\/prvimaj.hr\/index.php?rest_route=%2Fwp%2Fv2%2Fmedia&parent=20870"}],"wp:term":[{"taxonomy":"category","embeddable":true,"href":"https:\/\/prvimaj.hr\/index.php?rest_route=%2Fwp%2Fv2%2Fcategories&post=20870"},{"taxonomy":"post_tag","embeddable":true,"href":"https:\/\/prvimaj.hr\/index.php?rest_route=%2Fwp%2Fv2%2Ftags&post=20870"}],"curies":[{"name":"wp","href":"https:\/\/api.w.org\/{rel}","templated":true}]}}