{"id":20911,"date":"2024-01-04T15:08:24","date_gmt":"2024-01-04T14:08:24","guid":{"rendered":"https:\/\/prvimaj.hr\/?p=20911"},"modified":"2024-01-04T15:08:35","modified_gmt":"2024-01-04T14:08:35","slug":"ljubica-kos","status":"publish","type":"post","link":"https:\/\/prvimaj.hr\/?p=20911","title":{"rendered":"Ljubica Kos"},"content":{"rendered":"<p>Vjerom u uskrsnu\u0107e i \u017eivot vje\u010dni javljamo da je blago u gospodinu preminula 03.01.2024. godine u 98- oj godini \u017eivota na\u0161a voljena<\/p>\n<h2 style=\"text-align: center\"><em><strong>LJUBICA&nbsp; KOS<\/strong><\/em><\/h2>\n<h3 style=\"text-align: center\"><em><strong>( ro\u0111. Perni\u0107 )<\/strong><\/em><\/h3>\n<p><!--more-->Posljednji tu\u017eni ispra\u0107aj na\u0161e drage pokojnice biti \u0107e u petak 05.01.2024. godine u 14,00 sati iz Komemorativnog centra u Labinu na gradsko groblje.<\/p>\n<p><em><strong>Po\u010divala u miru Bo\u017ejem.<\/strong><\/em><\/p>\n<p><em><strong>O\u017ealo\u0161\u0107eni:&nbsp;<\/strong><\/em>sinovi MARIJAN, LU\u010cANO, DEAN i ROBERTO, k\u0107erke NEVENKA S. BISERKA, MARIJA, MARINELA i ANITA sa familijama, brat MIRKO i sestra MILKA sa familijama, te ostala tuguju\u0107a rodbina.<\/p>\n","protected":false},"excerpt":{"rendered":"<p>Vjerom u uskrsnu\u0107e i \u017eivot vje\u010dni javljamo da je blago u gospodinu preminula 03.01.2024. godine u 98- oj godini \u017eivota na\u0161a voljena LJUBICA&nbsp; KOS ( ro\u0111. Perni\u0107 )<\/p>\n","protected":false},"author":3,"featured_media":20912,"comment_status":"closed","ping_status":"closed","sticky":false,"template":"","format":"standard","meta":[],"categories":[3],"tags":[],"_links":{"self":[{"href":"https:\/\/prvimaj.hr\/index.php?rest_route=\/wp\/v2\/posts\/20911"}],"collection":[{"href":"https:\/\/prvimaj.hr\/index.php?rest_route=\/wp\/v2\/posts"}],"about":[{"href":"https:\/\/prvimaj.hr\/index.php?rest_route=\/wp\/v2\/types\/post"}],"author":[{"embeddable":true,"href":"https:\/\/prvimaj.hr\/index.php?rest_route=\/wp\/v2\/users\/3"}],"replies":[{"embeddable":true,"href":"https:\/\/prvimaj.hr\/index.php?rest_route=%2Fwp%2Fv2%2Fcomments&post=20911"}],"version-history":[{"count":2,"href":"https:\/\/prvimaj.hr\/index.php?rest_route=\/wp\/v2\/posts\/20911\/revisions"}],"predecessor-version":[{"id":20914,"href":"https:\/\/prvimaj.hr\/index.php?rest_route=\/wp\/v2\/posts\/20911\/revisions\/20914"}],"wp:featuredmedia":[{"embeddable":true,"href":"https:\/\/prvimaj.hr\/index.php?rest_route=\/wp\/v2\/media\/20912"}],"wp:attachment":[{"href":"https:\/\/prvimaj.hr\/index.php?rest_route=%2Fwp%2Fv2%2Fmedia&parent=20911"}],"wp:term":[{"taxonomy":"category","embeddable":true,"href":"https:\/\/prvimaj.hr\/index.php?rest_route=%2Fwp%2Fv2%2Fcategories&post=20911"},{"taxonomy":"post_tag","embeddable":true,"href":"https:\/\/prvimaj.hr\/index.php?rest_route=%2Fwp%2Fv2%2Ftags&post=20911"}],"curies":[{"name":"wp","href":"https:\/\/api.w.org\/{rel}","templated":true}]}}