{"id":20961,"date":"2024-01-13T07:19:48","date_gmt":"2024-01-13T06:19:48","guid":{"rendered":"https:\/\/prvimaj.hr\/?p=20961"},"modified":"2024-01-13T07:19:57","modified_gmt":"2024-01-13T06:19:57","slug":"paulo-oplanic","status":"publish","type":"post","link":"https:\/\/prvimaj.hr\/?p=20961","title":{"rendered":"Paulo Oplani\u0107"},"content":{"rendered":"<p>S tugom u srcu javljamo rodbini, prijateljima i znancima da nas je u petak 12.01.2024. godine u 73- oj godini \u017eivota napustio na\u0161 voljeni<\/p>\n<h2 style=\"text-align: center\"><em><strong>PAULO&nbsp; &nbsp;OPLANI\u0106<\/strong><\/em><\/h2>\n<h3 style=\"text-align: center\"><em><strong>( iz Martinskog )<\/strong><\/em><\/h3>\n<p><!--more-->Posljednji ispra\u0107aj na\u0161eg voljenog pokojnika biti \u0107e u ponedjeljak 15.01.2024. godine u 12,30 sati iz Komemorativnog centra u Sv. Martinu &#8211; Martinskom na mjesno groblje.<\/p>\n<p><em><strong>O\u017ealo\u0161\u0107eni:&nbsp;<\/strong><\/em>\u0161ogorica MARINKA, ne\u0107ak KRISTIJAN sa LANOM, ne\u0107akinja PETRA, te ostala tuguju\u0107a rodbina i prijatelji.<\/p>\n\n\n<p><\/p>\n","protected":false},"excerpt":{"rendered":"<p>S tugom u srcu javljamo rodbini, prijateljima i znancima da nas je u petak 12.01.2024. godine u 73- oj godini \u017eivota napustio na\u0161 voljeni PAULO&nbsp; &nbsp;OPLANI\u0106 ( iz Martinskog )<\/p>\n","protected":false},"author":3,"featured_media":20962,"comment_status":"closed","ping_status":"closed","sticky":false,"template":"","format":"standard","meta":[],"categories":[3],"tags":[],"_links":{"self":[{"href":"https:\/\/prvimaj.hr\/index.php?rest_route=\/wp\/v2\/posts\/20961"}],"collection":[{"href":"https:\/\/prvimaj.hr\/index.php?rest_route=\/wp\/v2\/posts"}],"about":[{"href":"https:\/\/prvimaj.hr\/index.php?rest_route=\/wp\/v2\/types\/post"}],"author":[{"embeddable":true,"href":"https:\/\/prvimaj.hr\/index.php?rest_route=\/wp\/v2\/users\/3"}],"replies":[{"embeddable":true,"href":"https:\/\/prvimaj.hr\/index.php?rest_route=%2Fwp%2Fv2%2Fcomments&post=20961"}],"version-history":[{"count":2,"href":"https:\/\/prvimaj.hr\/index.php?rest_route=\/wp\/v2\/posts\/20961\/revisions"}],"predecessor-version":[{"id":20964,"href":"https:\/\/prvimaj.hr\/index.php?rest_route=\/wp\/v2\/posts\/20961\/revisions\/20964"}],"wp:featuredmedia":[{"embeddable":true,"href":"https:\/\/prvimaj.hr\/index.php?rest_route=\/wp\/v2\/media\/20962"}],"wp:attachment":[{"href":"https:\/\/prvimaj.hr\/index.php?rest_route=%2Fwp%2Fv2%2Fmedia&parent=20961"}],"wp:term":[{"taxonomy":"category","embeddable":true,"href":"https:\/\/prvimaj.hr\/index.php?rest_route=%2Fwp%2Fv2%2Fcategories&post=20961"},{"taxonomy":"post_tag","embeddable":true,"href":"https:\/\/prvimaj.hr\/index.php?rest_route=%2Fwp%2Fv2%2Ftags&post=20961"}],"curies":[{"name":"wp","href":"https:\/\/api.w.org\/{rel}","templated":true}]}}