{"id":21028,"date":"2024-01-23T12:04:25","date_gmt":"2024-01-23T11:04:25","guid":{"rendered":"https:\/\/prvimaj.hr\/?p=21028"},"modified":"2024-01-23T12:04:41","modified_gmt":"2024-01-23T11:04:41","slug":"sumadinka-ivic","status":"publish","type":"post","link":"https:\/\/prvimaj.hr\/?p=21028","title":{"rendered":"\u0160umadinka  Ivi\u0107"},"content":{"rendered":"<p>S tugom u srcu javljamo rodbini, prijateljima i znancima da nas je u petak 19.01.2024. godine u 76. godini \u017eivota napustila na\u0161a voljena<\/p>\n<h2 style=\"text-align: center\"><strong><em>\u0160UMADINKA ( \u0160UMI )&nbsp; &nbsp; IVI\u0106<\/em><\/strong><\/h2>\n<h3 style=\"text-align: center\"><strong><em>( iz Presike )<\/em><\/strong><\/h3>\n<p><!--more--><\/p>\n<p>Posljednji ispra\u0107aj na\u0161e drage pokojnice biti \u0107e u \u010detvrtak 25.01.2024. godine u 13,30 sati iz Komemorativnog centra u Labinu na gradsko groblje.<\/p>\n<p><strong><em>O\u017ealo\u0161\u0107eni:&nbsp;<\/em><\/strong>k\u0107i SANDRA i sin LUKA sa obiteljima.<\/p>\n","protected":false},"excerpt":{"rendered":"<p>S tugom u srcu javljamo rodbini, prijateljima i znancima da nas je u petak 19.01.2024. godine u 76. godini \u017eivota napustila na\u0161a voljena \u0160UMADINKA ( \u0160UMI )&nbsp; &nbsp; IVI\u0106 ( iz Presike )<\/p>\n","protected":false},"author":3,"featured_media":21027,"comment_status":"closed","ping_status":"closed","sticky":false,"template":"","format":"standard","meta":[],"categories":[3],"tags":[],"_links":{"self":[{"href":"https:\/\/prvimaj.hr\/index.php?rest_route=\/wp\/v2\/posts\/21028"}],"collection":[{"href":"https:\/\/prvimaj.hr\/index.php?rest_route=\/wp\/v2\/posts"}],"about":[{"href":"https:\/\/prvimaj.hr\/index.php?rest_route=\/wp\/v2\/types\/post"}],"author":[{"embeddable":true,"href":"https:\/\/prvimaj.hr\/index.php?rest_route=\/wp\/v2\/users\/3"}],"replies":[{"embeddable":true,"href":"https:\/\/prvimaj.hr\/index.php?rest_route=%2Fwp%2Fv2%2Fcomments&post=21028"}],"version-history":[{"count":2,"href":"https:\/\/prvimaj.hr\/index.php?rest_route=\/wp\/v2\/posts\/21028\/revisions"}],"predecessor-version":[{"id":21030,"href":"https:\/\/prvimaj.hr\/index.php?rest_route=\/wp\/v2\/posts\/21028\/revisions\/21030"}],"wp:featuredmedia":[{"embeddable":true,"href":"https:\/\/prvimaj.hr\/index.php?rest_route=\/wp\/v2\/media\/21027"}],"wp:attachment":[{"href":"https:\/\/prvimaj.hr\/index.php?rest_route=%2Fwp%2Fv2%2Fmedia&parent=21028"}],"wp:term":[{"taxonomy":"category","embeddable":true,"href":"https:\/\/prvimaj.hr\/index.php?rest_route=%2Fwp%2Fv2%2Fcategories&post=21028"},{"taxonomy":"post_tag","embeddable":true,"href":"https:\/\/prvimaj.hr\/index.php?rest_route=%2Fwp%2Fv2%2Ftags&post=21028"}],"curies":[{"name":"wp","href":"https:\/\/api.w.org\/{rel}","templated":true}]}}