{"id":21050,"date":"2024-01-26T12:23:37","date_gmt":"2024-01-26T11:23:37","guid":{"rendered":"https:\/\/prvimaj.hr\/?p=21050"},"modified":"2024-01-26T12:23:51","modified_gmt":"2024-01-26T11:23:51","slug":"josip-negri","status":"publish","type":"post","link":"https:\/\/prvimaj.hr\/?p=21050","title":{"rendered":"Josip  Negri"},"content":{"rendered":"<p>S tugom u srcu javljamo rodbini, prijateljima i znancima da nas je u \u010detvrtak 25.01.2024. godine u 92. godini \u017eivota napustio na\u0161 voljeni<\/p>\n<h2 style=\"text-align: center\"><em>JOSIP&nbsp; &nbsp; NEGRI<\/em><\/h2>\n<h3 style=\"text-align: center\"><strong><em>( Sipi\u0107 )<\/em><\/strong><\/h3>\n<p><!--more--><\/p>\n<p>Posljednji ispra\u0107aj na\u0161eg voljenog pokojnika biti \u0107e u ponedjeljak 29.01.2024. godine u 14,00 sati iz Komemorativnog centra u Labinu na gradsko groblje.<\/p>\n<p><strong><em>Molimo za tihu su\u0107ut.<\/em><\/strong><\/p>\n<p><em><strong>O\u017ealo\u0161\u0107eni:&nbsp;<\/strong><\/em>k\u0107erka PATRICIJA, zet NEVEN, unuci ARIJAN i EMILI, te ostala tuguju\u0107a rodbina.<\/p>\n","protected":false},"excerpt":{"rendered":"<p>S tugom u srcu javljamo rodbini, prijateljima i znancima da nas je u \u010detvrtak 25.01.2024. godine u 92. godini \u017eivota napustio na\u0161 voljeni JOSIP&nbsp; &nbsp; NEGRI ( Sipi\u0107 )<\/p>\n","protected":false},"author":3,"featured_media":21049,"comment_status":"closed","ping_status":"closed","sticky":false,"template":"","format":"standard","meta":[],"categories":[3],"tags":[],"_links":{"self":[{"href":"https:\/\/prvimaj.hr\/index.php?rest_route=\/wp\/v2\/posts\/21050"}],"collection":[{"href":"https:\/\/prvimaj.hr\/index.php?rest_route=\/wp\/v2\/posts"}],"about":[{"href":"https:\/\/prvimaj.hr\/index.php?rest_route=\/wp\/v2\/types\/post"}],"author":[{"embeddable":true,"href":"https:\/\/prvimaj.hr\/index.php?rest_route=\/wp\/v2\/users\/3"}],"replies":[{"embeddable":true,"href":"https:\/\/prvimaj.hr\/index.php?rest_route=%2Fwp%2Fv2%2Fcomments&post=21050"}],"version-history":[{"count":2,"href":"https:\/\/prvimaj.hr\/index.php?rest_route=\/wp\/v2\/posts\/21050\/revisions"}],"predecessor-version":[{"id":21052,"href":"https:\/\/prvimaj.hr\/index.php?rest_route=\/wp\/v2\/posts\/21050\/revisions\/21052"}],"wp:featuredmedia":[{"embeddable":true,"href":"https:\/\/prvimaj.hr\/index.php?rest_route=\/wp\/v2\/media\/21049"}],"wp:attachment":[{"href":"https:\/\/prvimaj.hr\/index.php?rest_route=%2Fwp%2Fv2%2Fmedia&parent=21050"}],"wp:term":[{"taxonomy":"category","embeddable":true,"href":"https:\/\/prvimaj.hr\/index.php?rest_route=%2Fwp%2Fv2%2Fcategories&post=21050"},{"taxonomy":"post_tag","embeddable":true,"href":"https:\/\/prvimaj.hr\/index.php?rest_route=%2Fwp%2Fv2%2Ftags&post=21050"}],"curies":[{"name":"wp","href":"https:\/\/api.w.org\/{rel}","templated":true}]}}