{"id":21061,"date":"2024-01-30T11:38:32","date_gmt":"2024-01-30T10:38:32","guid":{"rendered":"https:\/\/prvimaj.hr\/?p=21061"},"modified":"2024-01-30T11:38:52","modified_gmt":"2024-01-30T10:38:52","slug":"slavka-travica","status":"publish","type":"post","link":"https:\/\/prvimaj.hr\/?p=21061","title":{"rendered":"Slavka  Travica"},"content":{"rendered":"<p>S tugom u srcu javljamo rodbini, prijateljima i znancima da nas je u ponedjeljak 29.01.2024. godine u 88. godini \u017eivota napustila na\u0161a voljena<\/p>\n<h2 style=\"text-align: center\"><em><strong>SLAVKA&nbsp; &nbsp; &nbsp;TRAVICA<\/strong><\/em><\/h2>\n<h3 style=\"text-align: center\"><strong><em>( iz \u010cepi\u0107a )<\/em><\/strong><\/h3>\n<p><!--more--><\/p>\n<p>Posljednji ispra\u0107aj na\u0161e voljene pokojnice biti \u0107e u srijedu 31.01.2024. godine u 13,30 sati iz Komemorativnog centra u \u010cepi\u0107u na mjesno groblje.<\/p>\n<p><strong><em>O\u017ealo\u0161\u0107eni:&nbsp;<\/em><\/strong>k\u0107erka DEJANA i sin DU\u0160AN sa familijama, te ostala tuguju\u0107a rodbina.<\/p>\n\n\n<p><\/p>\n","protected":false},"excerpt":{"rendered":"<p>S tugom u srcu javljamo rodbini, prijateljima i znancima da nas je u ponedjeljak 29.01.2024. godine u 88. godini \u017eivota napustila na\u0161a voljena SLAVKA&nbsp; &nbsp; &nbsp;TRAVICA ( iz \u010cepi\u0107a )<\/p>\n","protected":false},"author":3,"featured_media":21060,"comment_status":"closed","ping_status":"closed","sticky":false,"template":"","format":"standard","meta":[],"categories":[3],"tags":[],"_links":{"self":[{"href":"https:\/\/prvimaj.hr\/index.php?rest_route=\/wp\/v2\/posts\/21061"}],"collection":[{"href":"https:\/\/prvimaj.hr\/index.php?rest_route=\/wp\/v2\/posts"}],"about":[{"href":"https:\/\/prvimaj.hr\/index.php?rest_route=\/wp\/v2\/types\/post"}],"author":[{"embeddable":true,"href":"https:\/\/prvimaj.hr\/index.php?rest_route=\/wp\/v2\/users\/3"}],"replies":[{"embeddable":true,"href":"https:\/\/prvimaj.hr\/index.php?rest_route=%2Fwp%2Fv2%2Fcomments&post=21061"}],"version-history":[{"count":2,"href":"https:\/\/prvimaj.hr\/index.php?rest_route=\/wp\/v2\/posts\/21061\/revisions"}],"predecessor-version":[{"id":21063,"href":"https:\/\/prvimaj.hr\/index.php?rest_route=\/wp\/v2\/posts\/21061\/revisions\/21063"}],"wp:featuredmedia":[{"embeddable":true,"href":"https:\/\/prvimaj.hr\/index.php?rest_route=\/wp\/v2\/media\/21060"}],"wp:attachment":[{"href":"https:\/\/prvimaj.hr\/index.php?rest_route=%2Fwp%2Fv2%2Fmedia&parent=21061"}],"wp:term":[{"taxonomy":"category","embeddable":true,"href":"https:\/\/prvimaj.hr\/index.php?rest_route=%2Fwp%2Fv2%2Fcategories&post=21061"},{"taxonomy":"post_tag","embeddable":true,"href":"https:\/\/prvimaj.hr\/index.php?rest_route=%2Fwp%2Fv2%2Ftags&post=21061"}],"curies":[{"name":"wp","href":"https:\/\/api.w.org\/{rel}","templated":true}]}}