{"id":21115,"date":"2024-02-12T16:17:26","date_gmt":"2024-02-12T15:17:26","guid":{"rendered":"https:\/\/prvimaj.hr\/?p=21115"},"modified":"2024-02-12T16:17:41","modified_gmt":"2024-02-12T15:17:41","slug":"lucano-batelic","status":"publish","type":"post","link":"https:\/\/prvimaj.hr\/?p=21115","title":{"rendered":"Lu\u010dano  Bateli\u0107"},"content":{"rendered":"<p>U dubokoj boli javljamo tu\u017enu vijest svoj rodbini, prijateljima i znancima da nas je u nedjelju 11.02.2024. godine u 84. godini \u017eivota zauvijek napustio na\u0161 voljeni<\/p>\n<h2 style=\"text-align: center\"><strong><em>LU\u010cANO&nbsp; &nbsp; &nbsp;BATELI\u0106<\/em><\/strong><\/h2>\n<h3 style=\"text-align: center\"><strong><em>( Vuk )<\/em><\/strong><\/h3>\n<p><!--more--><\/p>\n<p>Posljednji ispra\u0107aj na\u0161eg voljenog pokojnika biti \u0107e u utorak 13.02.2024. godine u 14,30 sati iz Komemorativnog centra u Sv. Martinu &#8211; Martinskom na mjesno groblje.<\/p>\n<p><strong><em>O\u017ealo\u0161\u0107eni: <\/em><\/strong>supruga GA\u0160PARINA, sin JOHNNY sa NATA\u0160OM, k\u0107i NENSI sa GORANOM, unuci RAFAEL, LOGAN, GIA i ENZO, sestra MARIJA, kunjado \u0110ANKARLO sa familijom, te ostala tuguju\u0107a rodbina.<\/p>\n","protected":false},"excerpt":{"rendered":"<p>U dubokoj boli javljamo tu\u017enu vijest svoj rodbini, prijateljima i znancima da nas je u nedjelju 11.02.2024. godine u 84. godini \u017eivota zauvijek napustio na\u0161 voljeni LU\u010cANO&nbsp; &nbsp; &nbsp;BATELI\u0106 ( Vuk )<\/p>\n","protected":false},"author":3,"featured_media":21114,"comment_status":"closed","ping_status":"closed","sticky":false,"template":"","format":"standard","meta":[],"categories":[3],"tags":[],"_links":{"self":[{"href":"https:\/\/prvimaj.hr\/index.php?rest_route=\/wp\/v2\/posts\/21115"}],"collection":[{"href":"https:\/\/prvimaj.hr\/index.php?rest_route=\/wp\/v2\/posts"}],"about":[{"href":"https:\/\/prvimaj.hr\/index.php?rest_route=\/wp\/v2\/types\/post"}],"author":[{"embeddable":true,"href":"https:\/\/prvimaj.hr\/index.php?rest_route=\/wp\/v2\/users\/3"}],"replies":[{"embeddable":true,"href":"https:\/\/prvimaj.hr\/index.php?rest_route=%2Fwp%2Fv2%2Fcomments&post=21115"}],"version-history":[{"count":2,"href":"https:\/\/prvimaj.hr\/index.php?rest_route=\/wp\/v2\/posts\/21115\/revisions"}],"predecessor-version":[{"id":21117,"href":"https:\/\/prvimaj.hr\/index.php?rest_route=\/wp\/v2\/posts\/21115\/revisions\/21117"}],"wp:featuredmedia":[{"embeddable":true,"href":"https:\/\/prvimaj.hr\/index.php?rest_route=\/wp\/v2\/media\/21114"}],"wp:attachment":[{"href":"https:\/\/prvimaj.hr\/index.php?rest_route=%2Fwp%2Fv2%2Fmedia&parent=21115"}],"wp:term":[{"taxonomy":"category","embeddable":true,"href":"https:\/\/prvimaj.hr\/index.php?rest_route=%2Fwp%2Fv2%2Fcategories&post=21115"},{"taxonomy":"post_tag","embeddable":true,"href":"https:\/\/prvimaj.hr\/index.php?rest_route=%2Fwp%2Fv2%2Ftags&post=21115"}],"curies":[{"name":"wp","href":"https:\/\/api.w.org\/{rel}","templated":true}]}}