{"id":21141,"date":"2024-02-15T13:55:47","date_gmt":"2024-02-15T12:55:47","guid":{"rendered":"https:\/\/prvimaj.hr\/?p=21141"},"modified":"2024-02-15T13:55:59","modified_gmt":"2024-02-15T12:55:59","slug":"rino-golja","status":"publish","type":"post","link":"https:\/\/prvimaj.hr\/?p=21141","title":{"rendered":"Rino  Golja"},"content":{"rendered":"<p>S tugom u srcu javljamo rodbini, prijateljima i znancima da nas je u srijedu 14.02.2024. godine u 86. godini \u017eivota napustio na\u0161 voljeni<\/p>\n<h2 style=\"text-align: center\"><strong><em>RINO&nbsp; &nbsp; &nbsp;GOLJA<\/em><\/strong><\/h2>\n<h3 style=\"text-align: center\"><strong><em>( iz Zagor\u010di\u0107i )<\/em><\/strong><\/h3>\n<p><!--more--><\/p>\n<p>Posljednji ispra\u0107aj na\u0161eg voljenog bit \u0107e u petak 16.02.2024. godine u krugu obitelji iz Komemorativnog centra u Sv.Martinu &#8211; Martinskom na mjesno groblje.<\/p>\n<p><strong><em>Molimo za tihu su\u0107ut.<\/em><\/strong><\/p>\n<p><strong><em>O\u017ealo\u0161\u0107eni:&nbsp;<\/em><\/strong>supruga SONJA, k\u0107erke ROSANA i IVA, zeti FRANKO i NELO, unuci MATEO s DINOM i IVANA s ANTONIOM, sestra PJERINA, kunjado EUGEN, kunjada CELESTINA, kunjado LU\u010cANO, ne\u0107aci i ne\u0107akinje sa familijama.<\/p>\n\n\n<p><\/p>\n","protected":false},"excerpt":{"rendered":"<p>S tugom u srcu javljamo rodbini, prijateljima i znancima da nas je u srijedu 14.02.2024. godine u 86. godini \u017eivota napustio na\u0161 voljeni RINO&nbsp; &nbsp; &nbsp;GOLJA ( iz Zagor\u010di\u0107i )<\/p>\n","protected":false},"author":3,"featured_media":21140,"comment_status":"closed","ping_status":"closed","sticky":false,"template":"","format":"standard","meta":[],"categories":[3],"tags":[],"_links":{"self":[{"href":"https:\/\/prvimaj.hr\/index.php?rest_route=\/wp\/v2\/posts\/21141"}],"collection":[{"href":"https:\/\/prvimaj.hr\/index.php?rest_route=\/wp\/v2\/posts"}],"about":[{"href":"https:\/\/prvimaj.hr\/index.php?rest_route=\/wp\/v2\/types\/post"}],"author":[{"embeddable":true,"href":"https:\/\/prvimaj.hr\/index.php?rest_route=\/wp\/v2\/users\/3"}],"replies":[{"embeddable":true,"href":"https:\/\/prvimaj.hr\/index.php?rest_route=%2Fwp%2Fv2%2Fcomments&post=21141"}],"version-history":[{"count":2,"href":"https:\/\/prvimaj.hr\/index.php?rest_route=\/wp\/v2\/posts\/21141\/revisions"}],"predecessor-version":[{"id":21143,"href":"https:\/\/prvimaj.hr\/index.php?rest_route=\/wp\/v2\/posts\/21141\/revisions\/21143"}],"wp:featuredmedia":[{"embeddable":true,"href":"https:\/\/prvimaj.hr\/index.php?rest_route=\/wp\/v2\/media\/21140"}],"wp:attachment":[{"href":"https:\/\/prvimaj.hr\/index.php?rest_route=%2Fwp%2Fv2%2Fmedia&parent=21141"}],"wp:term":[{"taxonomy":"category","embeddable":true,"href":"https:\/\/prvimaj.hr\/index.php?rest_route=%2Fwp%2Fv2%2Fcategories&post=21141"},{"taxonomy":"post_tag","embeddable":true,"href":"https:\/\/prvimaj.hr\/index.php?rest_route=%2Fwp%2Fv2%2Ftags&post=21141"}],"curies":[{"name":"wp","href":"https:\/\/api.w.org\/{rel}","templated":true}]}}