{"id":21196,"date":"2024-02-24T10:01:36","date_gmt":"2024-02-24T09:01:36","guid":{"rendered":"https:\/\/prvimaj.hr\/?p=21196"},"modified":"2024-02-24T10:01:44","modified_gmt":"2024-02-24T09:01:44","slug":"marcede-nacinovic","status":"publish","type":"post","link":"https:\/\/prvimaj.hr\/?p=21196","title":{"rendered":"Mar\u010dede Na\u010dinovi\u0107"},"content":{"rendered":"<p>U dubokoj boli javljamo rodbini, prijateljima i znancima da nas je u petak 23.02.2024. godine u 87-oj godini \u017eivota napustila na\u0161a voljena<\/p>\n<h2 style=\"text-align: center\"><em><strong>MAR\u010cEDE&nbsp; &nbsp;NA\u010cINOVI\u0106<\/strong><\/em><\/h2>\n<h3 style=\"text-align: center\"><em><strong>( \u010ceda ro\u0111. Bateli\u0107 )<\/strong><\/em><\/h3>\n<p><!--more-->Posljednji ispra\u0107aj na\u0161e voljene pokojnice biti \u0107e u ponedjeljak 26.02.2024. godine u krugu obitelji iz crkve u Ripendi na mjesno groblje.<\/p>\n<p><em><strong>Molimo za tihu su\u0107ut.<\/strong><\/em><\/p>\n<p><em><strong>O\u017ealo\u0161\u0107eni:&nbsp;<\/strong><\/em>k\u0107erka LJILJANA, zet RADOVAN, unuk DANIJEL sa KARLOM, praunuke EMILI, MIA i LEONARDA, te ostala tuguju\u0107a rodbina.<\/p>\n","protected":false},"excerpt":{"rendered":"<p>U dubokoj boli javljamo rodbini, prijateljima i znancima da nas je u petak 23.02.2024. godine u 87-oj godini \u017eivota napustila na\u0161a voljena MAR\u010cEDE&nbsp; &nbsp;NA\u010cINOVI\u0106 ( \u010ceda ro\u0111. Bateli\u0107 )<\/p>\n","protected":false},"author":3,"featured_media":21197,"comment_status":"closed","ping_status":"closed","sticky":false,"template":"","format":"standard","meta":[],"categories":[3],"tags":[],"_links":{"self":[{"href":"https:\/\/prvimaj.hr\/index.php?rest_route=\/wp\/v2\/posts\/21196"}],"collection":[{"href":"https:\/\/prvimaj.hr\/index.php?rest_route=\/wp\/v2\/posts"}],"about":[{"href":"https:\/\/prvimaj.hr\/index.php?rest_route=\/wp\/v2\/types\/post"}],"author":[{"embeddable":true,"href":"https:\/\/prvimaj.hr\/index.php?rest_route=\/wp\/v2\/users\/3"}],"replies":[{"embeddable":true,"href":"https:\/\/prvimaj.hr\/index.php?rest_route=%2Fwp%2Fv2%2Fcomments&post=21196"}],"version-history":[{"count":2,"href":"https:\/\/prvimaj.hr\/index.php?rest_route=\/wp\/v2\/posts\/21196\/revisions"}],"predecessor-version":[{"id":21199,"href":"https:\/\/prvimaj.hr\/index.php?rest_route=\/wp\/v2\/posts\/21196\/revisions\/21199"}],"wp:featuredmedia":[{"embeddable":true,"href":"https:\/\/prvimaj.hr\/index.php?rest_route=\/wp\/v2\/media\/21197"}],"wp:attachment":[{"href":"https:\/\/prvimaj.hr\/index.php?rest_route=%2Fwp%2Fv2%2Fmedia&parent=21196"}],"wp:term":[{"taxonomy":"category","embeddable":true,"href":"https:\/\/prvimaj.hr\/index.php?rest_route=%2Fwp%2Fv2%2Fcategories&post=21196"},{"taxonomy":"post_tag","embeddable":true,"href":"https:\/\/prvimaj.hr\/index.php?rest_route=%2Fwp%2Fv2%2Ftags&post=21196"}],"curies":[{"name":"wp","href":"https:\/\/api.w.org\/{rel}","templated":true}]}}