{"id":21238,"date":"2024-03-04T10:00:53","date_gmt":"2024-03-04T09:00:53","guid":{"rendered":"https:\/\/prvimaj.hr\/?p=21238"},"modified":"2024-03-04T10:01:02","modified_gmt":"2024-03-04T09:01:02","slug":"laris-klobas","status":"publish","type":"post","link":"https:\/\/prvimaj.hr\/?p=21238","title":{"rendered":"Laris Klobas"},"content":{"rendered":"<p>S tugom u srcu javljamo rodbini, prijateljima i znancima da nas je u petak 01.03.2024. godine u 50- oj godini \u017eivota napustio na\u0161 voljeni<\/p>\n<h2 style=\"text-align: center\"><em><strong>LARIS&nbsp; &nbsp;KLOBAS<\/strong><\/em><\/h2>\n<h3 style=\"text-align: center\"><em><strong>( iz Labina )<\/strong><\/em><\/h3>\n<p><!--more-->Posljednji ispra\u0107aj na\u0161eg voljenog pokojnika biti \u0107e u utorak 05.03.2024. godine u krugu obitelji i prijatelja iz Komemorativnog centra u Labinu na gradsko groblje.<\/p>\n<p><em><strong>O\u017ealo\u0161\u0107eni:&nbsp;<\/strong><\/em>k\u0107erke ANA i TEA, mama BRANKA s SLAVKOM, bra\u0107a LARSEN i ZORAN s IVOM, ne\u0107akinja REA, ne\u0107aci ENTONI i NINO, cije ANA, LIDIA i GRACIJELA, cijeti SER\u0110O i DRAGO sa familijama, BARBARA, te ostala tuguju\u0107a rodbina.<\/p>\n","protected":false},"excerpt":{"rendered":"<p>S tugom u srcu javljamo rodbini, prijateljima i znancima da nas je u petak 01.03.2024. godine u 50- oj godini \u017eivota napustio na\u0161 voljeni LARIS&nbsp; &nbsp;KLOBAS ( iz Labina )<\/p>\n","protected":false},"author":3,"featured_media":21239,"comment_status":"closed","ping_status":"closed","sticky":false,"template":"","format":"standard","meta":[],"categories":[3],"tags":[],"_links":{"self":[{"href":"https:\/\/prvimaj.hr\/index.php?rest_route=\/wp\/v2\/posts\/21238"}],"collection":[{"href":"https:\/\/prvimaj.hr\/index.php?rest_route=\/wp\/v2\/posts"}],"about":[{"href":"https:\/\/prvimaj.hr\/index.php?rest_route=\/wp\/v2\/types\/post"}],"author":[{"embeddable":true,"href":"https:\/\/prvimaj.hr\/index.php?rest_route=\/wp\/v2\/users\/3"}],"replies":[{"embeddable":true,"href":"https:\/\/prvimaj.hr\/index.php?rest_route=%2Fwp%2Fv2%2Fcomments&post=21238"}],"version-history":[{"count":2,"href":"https:\/\/prvimaj.hr\/index.php?rest_route=\/wp\/v2\/posts\/21238\/revisions"}],"predecessor-version":[{"id":21241,"href":"https:\/\/prvimaj.hr\/index.php?rest_route=\/wp\/v2\/posts\/21238\/revisions\/21241"}],"wp:featuredmedia":[{"embeddable":true,"href":"https:\/\/prvimaj.hr\/index.php?rest_route=\/wp\/v2\/media\/21239"}],"wp:attachment":[{"href":"https:\/\/prvimaj.hr\/index.php?rest_route=%2Fwp%2Fv2%2Fmedia&parent=21238"}],"wp:term":[{"taxonomy":"category","embeddable":true,"href":"https:\/\/prvimaj.hr\/index.php?rest_route=%2Fwp%2Fv2%2Fcategories&post=21238"},{"taxonomy":"post_tag","embeddable":true,"href":"https:\/\/prvimaj.hr\/index.php?rest_route=%2Fwp%2Fv2%2Ftags&post=21238"}],"curies":[{"name":"wp","href":"https:\/\/api.w.org\/{rel}","templated":true}]}}