{"id":21318,"date":"2024-03-18T14:20:07","date_gmt":"2024-03-18T13:20:07","guid":{"rendered":"https:\/\/prvimaj.hr\/?p=21318"},"modified":"2024-03-18T14:20:23","modified_gmt":"2024-03-18T13:20:23","slug":"romanita-jurcan","status":"publish","type":"post","link":"https:\/\/prvimaj.hr\/?p=21318","title":{"rendered":"Romanita  Jurcan"},"content":{"rendered":"<p>S tugom u srcu javljamo rodbini, prijateljima i znancima da nas je u ponedjeljak 18.03.2024. godine u 92. godini \u017eivota napustila na\u0161a voljena<\/p>\n<h2 style=\"text-align: center\"><strong><em>ROMANITA&nbsp; &nbsp; JURCAN<\/em><\/strong><\/h2>\n<h3 style=\"text-align: center\"><strong><em>( iz Kr\u0161ana )<\/em><\/strong><\/h3>\n<p><!--more--><\/p>\n<p>Posljednji ispra\u0107aj na\u0161e voljene pokojnice biti \u0107e u utorak 19.03.2024. godine u 14,00 sati iz Komemorativnog centra u Kr\u0161anu na mjesno groblje.<\/p>\n<p><strong><em>O\u017ealo\u0161\u0107eni:&nbsp;<\/em><\/strong>sinovi VILIM, MARINO, FERU\u010cO, k\u0107erka SUZANA, nevjeste SANDRA i GORDANA, unuke SUN\u010cANA, SAMANTA, PATRICIJA, MIKELA, \u0110ENI i MONIKA, unuci FILIP i ERIK, praunuci, brat BRUNO s familijom, te ostala tuguju\u0107a rodbina.<\/p>\n","protected":false},"excerpt":{"rendered":"<p>S tugom u srcu javljamo rodbini, prijateljima i znancima da nas je u ponedjeljak 18.03.2024. godine u 92. godini \u017eivota napustila na\u0161a voljena ROMANITA&nbsp; &nbsp; JURCAN ( iz Kr\u0161ana )<\/p>\n","protected":false},"author":3,"featured_media":21317,"comment_status":"closed","ping_status":"closed","sticky":false,"template":"","format":"standard","meta":[],"categories":[3],"tags":[],"_links":{"self":[{"href":"https:\/\/prvimaj.hr\/index.php?rest_route=\/wp\/v2\/posts\/21318"}],"collection":[{"href":"https:\/\/prvimaj.hr\/index.php?rest_route=\/wp\/v2\/posts"}],"about":[{"href":"https:\/\/prvimaj.hr\/index.php?rest_route=\/wp\/v2\/types\/post"}],"author":[{"embeddable":true,"href":"https:\/\/prvimaj.hr\/index.php?rest_route=\/wp\/v2\/users\/3"}],"replies":[{"embeddable":true,"href":"https:\/\/prvimaj.hr\/index.php?rest_route=%2Fwp%2Fv2%2Fcomments&post=21318"}],"version-history":[{"count":2,"href":"https:\/\/prvimaj.hr\/index.php?rest_route=\/wp\/v2\/posts\/21318\/revisions"}],"predecessor-version":[{"id":21320,"href":"https:\/\/prvimaj.hr\/index.php?rest_route=\/wp\/v2\/posts\/21318\/revisions\/21320"}],"wp:featuredmedia":[{"embeddable":true,"href":"https:\/\/prvimaj.hr\/index.php?rest_route=\/wp\/v2\/media\/21317"}],"wp:attachment":[{"href":"https:\/\/prvimaj.hr\/index.php?rest_route=%2Fwp%2Fv2%2Fmedia&parent=21318"}],"wp:term":[{"taxonomy":"category","embeddable":true,"href":"https:\/\/prvimaj.hr\/index.php?rest_route=%2Fwp%2Fv2%2Fcategories&post=21318"},{"taxonomy":"post_tag","embeddable":true,"href":"https:\/\/prvimaj.hr\/index.php?rest_route=%2Fwp%2Fv2%2Ftags&post=21318"}],"curies":[{"name":"wp","href":"https:\/\/api.w.org\/{rel}","templated":true}]}}