{"id":21335,"date":"2024-03-21T06:50:51","date_gmt":"2024-03-21T05:50:51","guid":{"rendered":"https:\/\/prvimaj.hr\/?p=21335"},"modified":"2024-03-21T06:51:07","modified_gmt":"2024-03-21T05:51:07","slug":"ervin-baskijera","status":"publish","type":"post","link":"https:\/\/prvimaj.hr\/?p=21335","title":{"rendered":"Ervin  Baskijera"},"content":{"rendered":"<p>Tu\u017enim srcem javljamo rodbini, prijateljima i znancima da nas je u srijedu 20.03.2024. godine u 56. godini \u017eivota napustio na\u0161 voljeni<\/p>\n<h2 style=\"text-align: center\"><strong><em>ERVIN&nbsp; &nbsp; &nbsp; BASKIJERA<\/em><\/strong><\/h2>\n<h3 style=\"text-align: center\"><strong><em>( ENIKE )<\/em><\/strong><\/h3>\n<p><!--more--><\/p>\n<p>Posljednji ispra\u0107aj na\u0161eg voljenog pokojnika biti \u0107e u petak 22.03.2024. godine u krugu obitelji iz Komemorativnog centra u Labinu na gradsko groblje.<\/p>\n<p><strong><em>Molimo za tihu su\u0107ut u domu obitelji.<\/em><\/strong><\/p>\n<p><strong><em>O\u017ealo\u0161\u0107eni:&nbsp;<\/em><\/strong>mama MARIJA, tata AR\u0110EO, supruga SABINA, sin EVAN, brat ELI\u0110O, kunjada ROSANA, ne\u0107ak ANTONIO, te ostala tuguju\u0107a rodbina.<\/p>\n","protected":false},"excerpt":{"rendered":"<p>Tu\u017enim srcem javljamo rodbini, prijateljima i znancima da nas je u srijedu 20.03.2024. godine u 56. godini \u017eivota napustio na\u0161 voljeni ERVIN&nbsp; &nbsp; &nbsp; BASKIJERA ( ENIKE )<\/p>\n","protected":false},"author":3,"featured_media":21334,"comment_status":"closed","ping_status":"closed","sticky":false,"template":"","format":"standard","meta":[],"categories":[3],"tags":[],"_links":{"self":[{"href":"https:\/\/prvimaj.hr\/index.php?rest_route=\/wp\/v2\/posts\/21335"}],"collection":[{"href":"https:\/\/prvimaj.hr\/index.php?rest_route=\/wp\/v2\/posts"}],"about":[{"href":"https:\/\/prvimaj.hr\/index.php?rest_route=\/wp\/v2\/types\/post"}],"author":[{"embeddable":true,"href":"https:\/\/prvimaj.hr\/index.php?rest_route=\/wp\/v2\/users\/3"}],"replies":[{"embeddable":true,"href":"https:\/\/prvimaj.hr\/index.php?rest_route=%2Fwp%2Fv2%2Fcomments&post=21335"}],"version-history":[{"count":2,"href":"https:\/\/prvimaj.hr\/index.php?rest_route=\/wp\/v2\/posts\/21335\/revisions"}],"predecessor-version":[{"id":21337,"href":"https:\/\/prvimaj.hr\/index.php?rest_route=\/wp\/v2\/posts\/21335\/revisions\/21337"}],"wp:featuredmedia":[{"embeddable":true,"href":"https:\/\/prvimaj.hr\/index.php?rest_route=\/wp\/v2\/media\/21334"}],"wp:attachment":[{"href":"https:\/\/prvimaj.hr\/index.php?rest_route=%2Fwp%2Fv2%2Fmedia&parent=21335"}],"wp:term":[{"taxonomy":"category","embeddable":true,"href":"https:\/\/prvimaj.hr\/index.php?rest_route=%2Fwp%2Fv2%2Fcategories&post=21335"},{"taxonomy":"post_tag","embeddable":true,"href":"https:\/\/prvimaj.hr\/index.php?rest_route=%2Fwp%2Fv2%2Ftags&post=21335"}],"curies":[{"name":"wp","href":"https:\/\/api.w.org\/{rel}","templated":true}]}}