{"id":21388,"date":"2024-03-27T07:32:02","date_gmt":"2024-03-27T06:32:02","guid":{"rendered":"https:\/\/prvimaj.hr\/?p=21388"},"modified":"2024-03-27T07:32:11","modified_gmt":"2024-03-27T06:32:11","slug":"advija-husejnagic","status":"publish","type":"post","link":"https:\/\/prvimaj.hr\/?p=21388","title":{"rendered":"Advija Husejnagi\u0107"},"content":{"rendered":"<p>S tugom u srcu javljamo rodbini, prijateljima i znancima \u017ealosnu vijest da je na\u0161a rahmrtli<\/p>\n<h2 style=\"text-align: center\"><em><strong>ADVIJA&nbsp; &nbsp;HUSEJNAGI\u0106<\/strong><\/em><\/h2>\n<h3 style=\"text-align: center\"><em><strong>( iz Labina )<\/strong><\/em><\/h3>\n<p><!--more-->preselila na ahiret u utorak 26.03.2024. godine u 74- oj godini \u017eivota. D\u017eenaza \u0107e krenuti u \u010detvrtak 28.03.2024. godine u 14,00 sati iz Komemorativnog centra u Labinu na gradsko groblje.<\/p>\n<p><em><strong>O\u017ealo\u0161\u0107eni:&nbsp;<\/strong><\/em>sin MIRSAD, snaha IFETA, unuci DINO s IVANOM, JASMIN i DIJANA s ALDINOM, praunuci ILLAN, CHIARA, IRIS, TIN, VITALI i BORNA, sestre HAZEMINA i SADIJA sa obiteljima, te ostala tuguju\u0107a rodbina.<\/p>\n","protected":false},"excerpt":{"rendered":"<p>S tugom u srcu javljamo rodbini, prijateljima i znancima \u017ealosnu vijest da je na\u0161a rahmrtli ADVIJA&nbsp; &nbsp;HUSEJNAGI\u0106 ( iz Labina )<\/p>\n","protected":false},"author":3,"featured_media":21389,"comment_status":"closed","ping_status":"closed","sticky":false,"template":"","format":"standard","meta":[],"categories":[3],"tags":[],"_links":{"self":[{"href":"https:\/\/prvimaj.hr\/index.php?rest_route=\/wp\/v2\/posts\/21388"}],"collection":[{"href":"https:\/\/prvimaj.hr\/index.php?rest_route=\/wp\/v2\/posts"}],"about":[{"href":"https:\/\/prvimaj.hr\/index.php?rest_route=\/wp\/v2\/types\/post"}],"author":[{"embeddable":true,"href":"https:\/\/prvimaj.hr\/index.php?rest_route=\/wp\/v2\/users\/3"}],"replies":[{"embeddable":true,"href":"https:\/\/prvimaj.hr\/index.php?rest_route=%2Fwp%2Fv2%2Fcomments&post=21388"}],"version-history":[{"count":2,"href":"https:\/\/prvimaj.hr\/index.php?rest_route=\/wp\/v2\/posts\/21388\/revisions"}],"predecessor-version":[{"id":21391,"href":"https:\/\/prvimaj.hr\/index.php?rest_route=\/wp\/v2\/posts\/21388\/revisions\/21391"}],"wp:featuredmedia":[{"embeddable":true,"href":"https:\/\/prvimaj.hr\/index.php?rest_route=\/wp\/v2\/media\/21389"}],"wp:attachment":[{"href":"https:\/\/prvimaj.hr\/index.php?rest_route=%2Fwp%2Fv2%2Fmedia&parent=21388"}],"wp:term":[{"taxonomy":"category","embeddable":true,"href":"https:\/\/prvimaj.hr\/index.php?rest_route=%2Fwp%2Fv2%2Fcategories&post=21388"},{"taxonomy":"post_tag","embeddable":true,"href":"https:\/\/prvimaj.hr\/index.php?rest_route=%2Fwp%2Fv2%2Ftags&post=21388"}],"curies":[{"name":"wp","href":"https:\/\/api.w.org\/{rel}","templated":true}]}}