{"id":21433,"date":"2024-03-30T13:22:36","date_gmt":"2024-03-30T12:22:36","guid":{"rendered":"https:\/\/prvimaj.hr\/?p=21433"},"modified":"2024-03-30T13:22:44","modified_gmt":"2024-03-30T12:22:44","slug":"laura-rabac","status":"publish","type":"post","link":"https:\/\/prvimaj.hr\/?p=21433","title":{"rendered":"Laura Rabac"},"content":{"rendered":"<p>S tugom u srcu javljamo rodbini, prijateljima i znancima da nas je u petak 29.03.2024. godine u 85- oj godini \u017eivota napustila na\u0161a voljena<\/p>\n<h2 style=\"text-align: center\"><em><strong>LAURA&nbsp; &nbsp;RABAC<\/strong><\/em><\/h2>\n<h3 style=\"text-align: center\"><em><strong>( ro\u0111. Ten\u010di\u0107 iz Kapelice )<\/strong><\/em><\/h3>\n<p><!--more-->Posljednji ispra\u0107aj na\u0161e drage pokojnice biti \u0107e u utorak 02.04.2024. godine u 14,00 sati iz komemorativnog centra u Labinu na gradsko groblje.<\/p>\n<p><em><strong>O\u017ealo\u0161\u0107eni:&nbsp;<\/strong><\/em>suprug \u0110INO, k\u0107erka EGLE, zet LINO, unuci IVAN i KATJA sa obiteljima, kunjade MILKA, PAOLA, PJERINA, DINA i MARICA sa obiteljima, kunjado SILVANO s obitelji te ostala tuguju\u0107a rodbina.<\/p>\n","protected":false},"excerpt":{"rendered":"<p>S tugom u srcu javljamo rodbini, prijateljima i znancima da nas je u petak 29.03.2024. godine u 85- oj godini \u017eivota napustila na\u0161a voljena LAURA&nbsp; &nbsp;RABAC ( ro\u0111. Ten\u010di\u0107 iz Kapelice )<\/p>\n","protected":false},"author":3,"featured_media":21434,"comment_status":"closed","ping_status":"closed","sticky":false,"template":"","format":"standard","meta":[],"categories":[3],"tags":[],"_links":{"self":[{"href":"https:\/\/prvimaj.hr\/index.php?rest_route=\/wp\/v2\/posts\/21433"}],"collection":[{"href":"https:\/\/prvimaj.hr\/index.php?rest_route=\/wp\/v2\/posts"}],"about":[{"href":"https:\/\/prvimaj.hr\/index.php?rest_route=\/wp\/v2\/types\/post"}],"author":[{"embeddable":true,"href":"https:\/\/prvimaj.hr\/index.php?rest_route=\/wp\/v2\/users\/3"}],"replies":[{"embeddable":true,"href":"https:\/\/prvimaj.hr\/index.php?rest_route=%2Fwp%2Fv2%2Fcomments&post=21433"}],"version-history":[{"count":2,"href":"https:\/\/prvimaj.hr\/index.php?rest_route=\/wp\/v2\/posts\/21433\/revisions"}],"predecessor-version":[{"id":21436,"href":"https:\/\/prvimaj.hr\/index.php?rest_route=\/wp\/v2\/posts\/21433\/revisions\/21436"}],"wp:featuredmedia":[{"embeddable":true,"href":"https:\/\/prvimaj.hr\/index.php?rest_route=\/wp\/v2\/media\/21434"}],"wp:attachment":[{"href":"https:\/\/prvimaj.hr\/index.php?rest_route=%2Fwp%2Fv2%2Fmedia&parent=21433"}],"wp:term":[{"taxonomy":"category","embeddable":true,"href":"https:\/\/prvimaj.hr\/index.php?rest_route=%2Fwp%2Fv2%2Fcategories&post=21433"},{"taxonomy":"post_tag","embeddable":true,"href":"https:\/\/prvimaj.hr\/index.php?rest_route=%2Fwp%2Fv2%2Ftags&post=21433"}],"curies":[{"name":"wp","href":"https:\/\/api.w.org\/{rel}","templated":true}]}}