{"id":21547,"date":"2024-04-16T13:57:01","date_gmt":"2024-04-16T12:57:01","guid":{"rendered":"https:\/\/prvimaj.hr\/?p=21547"},"modified":"2024-04-16T13:57:10","modified_gmt":"2024-04-16T12:57:10","slug":"korina-salamon","status":"publish","type":"post","link":"https:\/\/prvimaj.hr\/?p=21547","title":{"rendered":"Korina Salamon"},"content":{"rendered":"<p>S tugom u srcu javljamo rodbini, prijateljima i znancima da nas je u utorak 16.04.2024. godine u 93- oj godini \u017eivota napustila na\u0161a voljena<\/p>\n<h2 style=\"text-align: center\"><em><strong>KORINA&nbsp; &nbsp;SALAMON<\/strong><\/em><\/h2>\n<h3 style=\"text-align: center\"><em><strong>( ro\u0111. Boneta )<\/strong><\/em><\/h3>\n<p><!--more-->Posljednji ispra\u0107aj na\u0161e drage pokojnice biti \u0107e u \u010detvrtak 18.04.2024. odine u 14,00 sati iz Komemorativnog centra u Ko\u017eljaku na mjesno groblje.<\/p>\n<p><em><strong>O\u017ealo\u0161\u0107eni:&nbsp;<\/strong><\/em>sin FRANKO, k\u0107erke ELDA i LIDIJA, zeti SER\u0110O i \u0110ILDO, unuci TATJANA, MARKO sa MIRELOM, ELENA sa IVANOM i ANDREA sa TINOM, praunuci ERIK, MASIMO, KARLO, AYANNA, MONIKA, ENYA, DAVID, DEA i PETRA, kunjada \u0110ENI sa familijom, te ostala tuguju\u0107a rodbina.<\/p>\n","protected":false},"excerpt":{"rendered":"<p>S tugom u srcu javljamo rodbini, prijateljima i znancima da nas je u utorak 16.04.2024. godine u 93- oj godini \u017eivota napustila na\u0161a voljena KORINA&nbsp; &nbsp;SALAMON ( ro\u0111. Boneta )<\/p>\n","protected":false},"author":3,"featured_media":21548,"comment_status":"closed","ping_status":"closed","sticky":false,"template":"","format":"standard","meta":[],"categories":[3],"tags":[],"_links":{"self":[{"href":"https:\/\/prvimaj.hr\/index.php?rest_route=\/wp\/v2\/posts\/21547"}],"collection":[{"href":"https:\/\/prvimaj.hr\/index.php?rest_route=\/wp\/v2\/posts"}],"about":[{"href":"https:\/\/prvimaj.hr\/index.php?rest_route=\/wp\/v2\/types\/post"}],"author":[{"embeddable":true,"href":"https:\/\/prvimaj.hr\/index.php?rest_route=\/wp\/v2\/users\/3"}],"replies":[{"embeddable":true,"href":"https:\/\/prvimaj.hr\/index.php?rest_route=%2Fwp%2Fv2%2Fcomments&post=21547"}],"version-history":[{"count":2,"href":"https:\/\/prvimaj.hr\/index.php?rest_route=\/wp\/v2\/posts\/21547\/revisions"}],"predecessor-version":[{"id":21550,"href":"https:\/\/prvimaj.hr\/index.php?rest_route=\/wp\/v2\/posts\/21547\/revisions\/21550"}],"wp:featuredmedia":[{"embeddable":true,"href":"https:\/\/prvimaj.hr\/index.php?rest_route=\/wp\/v2\/media\/21548"}],"wp:attachment":[{"href":"https:\/\/prvimaj.hr\/index.php?rest_route=%2Fwp%2Fv2%2Fmedia&parent=21547"}],"wp:term":[{"taxonomy":"category","embeddable":true,"href":"https:\/\/prvimaj.hr\/index.php?rest_route=%2Fwp%2Fv2%2Fcategories&post=21547"},{"taxonomy":"post_tag","embeddable":true,"href":"https:\/\/prvimaj.hr\/index.php?rest_route=%2Fwp%2Fv2%2Ftags&post=21547"}],"curies":[{"name":"wp","href":"https:\/\/api.w.org\/{rel}","templated":true}]}}