{"id":21567,"date":"2024-04-18T13:05:47","date_gmt":"2024-04-18T12:05:47","guid":{"rendered":"https:\/\/prvimaj.hr\/?p=21567"},"modified":"2024-04-18T13:06:05","modified_gmt":"2024-04-18T12:06:05","slug":"bruno-skopac","status":"publish","type":"post","link":"https:\/\/prvimaj.hr\/?p=21567","title":{"rendered":"Bruno  \u0160kopac"},"content":{"rendered":"<p>S tugom u srcu javljamo rodbini, prijateljima i znancima da nas je dana 17.04.2024. godine u 90. godini \u017eivota napustio na\u0161 voljeni<\/p>\n<h2 style=\"text-align: center\"><strong><em>BRUNO&nbsp; &nbsp; \u0160KOPAC<\/em><\/strong><\/h2>\n<h3 style=\"text-align: center\"><strong><em>( iz Salakovci )<\/em><\/strong><\/h3>\n<p><!--more--><\/p>\n<p>Posljednji ispra\u0107aj na\u0161eg voljenog pokojnika odr\u017eat \u0107e se u subotu 20.04.2024. godine u 12,00 sati iz Komemorativnog centra u Labinu na gradsko groblje.<\/p>\n<p><strong><em>O\u017ealo\u0161\u0107eni:&nbsp;<\/em><\/strong>supruga MARIJA, k\u0107erke DEZI, DANIJELA i DORIS, zetovi DEAN, INOSLAV i BORIS, unuci LAURA, TONI, IVAN, FABIJAN i JULIJA, sestre ANA i PINA s familijom, ne\u0107akinje i ne\u0107aci, strni\u0161ne i strni\u0107i s familijama.<\/p>\n\n\n<p><\/p>\n","protected":false},"excerpt":{"rendered":"<p>S tugom u srcu javljamo rodbini, prijateljima i znancima da nas je dana 17.04.2024. godine u 90. godini \u017eivota napustio na\u0161 voljeni BRUNO&nbsp; &nbsp; \u0160KOPAC ( iz Salakovci )<\/p>\n","protected":false},"author":3,"featured_media":21566,"comment_status":"closed","ping_status":"closed","sticky":false,"template":"","format":"standard","meta":[],"categories":[3],"tags":[],"_links":{"self":[{"href":"https:\/\/prvimaj.hr\/index.php?rest_route=\/wp\/v2\/posts\/21567"}],"collection":[{"href":"https:\/\/prvimaj.hr\/index.php?rest_route=\/wp\/v2\/posts"}],"about":[{"href":"https:\/\/prvimaj.hr\/index.php?rest_route=\/wp\/v2\/types\/post"}],"author":[{"embeddable":true,"href":"https:\/\/prvimaj.hr\/index.php?rest_route=\/wp\/v2\/users\/3"}],"replies":[{"embeddable":true,"href":"https:\/\/prvimaj.hr\/index.php?rest_route=%2Fwp%2Fv2%2Fcomments&post=21567"}],"version-history":[{"count":2,"href":"https:\/\/prvimaj.hr\/index.php?rest_route=\/wp\/v2\/posts\/21567\/revisions"}],"predecessor-version":[{"id":21569,"href":"https:\/\/prvimaj.hr\/index.php?rest_route=\/wp\/v2\/posts\/21567\/revisions\/21569"}],"wp:featuredmedia":[{"embeddable":true,"href":"https:\/\/prvimaj.hr\/index.php?rest_route=\/wp\/v2\/media\/21566"}],"wp:attachment":[{"href":"https:\/\/prvimaj.hr\/index.php?rest_route=%2Fwp%2Fv2%2Fmedia&parent=21567"}],"wp:term":[{"taxonomy":"category","embeddable":true,"href":"https:\/\/prvimaj.hr\/index.php?rest_route=%2Fwp%2Fv2%2Fcategories&post=21567"},{"taxonomy":"post_tag","embeddable":true,"href":"https:\/\/prvimaj.hr\/index.php?rest_route=%2Fwp%2Fv2%2Ftags&post=21567"}],"curies":[{"name":"wp","href":"https:\/\/api.w.org\/{rel}","templated":true}]}}