{"id":21593,"date":"2024-04-23T05:54:13","date_gmt":"2024-04-23T04:54:13","guid":{"rendered":"https:\/\/prvimaj.hr\/?p=21593"},"modified":"2024-04-23T05:54:30","modified_gmt":"2024-04-23T04:54:30","slug":"anton-viskovic-3","status":"publish","type":"post","link":"https:\/\/prvimaj.hr\/?p=21593","title":{"rendered":"Anton  Vi\u0161kovi\u0107"},"content":{"rendered":"<p>S tugom u srcu javljamo rodbini, prijateljima i znancima da nas je u nedjelju 21.04.2024. godine u 86. godini \u017eivota napustio na\u0161 voljeni<\/p>\n<h2 style=\"text-align: center\"><strong><em>ANTON&nbsp; &nbsp; &nbsp;VI\u0160KOVI\u0106<\/em><\/strong><\/h2>\n<h3 style=\"text-align: center\"><strong><em>( Toni iz Malih Turini )<\/em><\/strong><\/h3>\n<p><!--more--><\/p>\n<p>Posljednji ispra\u0107aj na\u0161eg voljenog pokojnika biti \u0107e u utorak 23.04.2024. godine u 14,00 sati iz Komemorativnog centra u Sv.Martinu &#8211; Martinskom na mjesno groblje.<\/p>\n<p><strong><em>O\u017ealo\u0161\u0107eni:&nbsp;<\/em><\/strong>supruga ONDINA, k\u0107erka ROSANA, zet MLADEN, unuci SANJIN, ALEKSANDRA i DANIJELA, kunjado \u0110OVANIN, kunjade LU\u010cANA i MARINA sa familijama, ne\u0107aci i ne\u0107akinje, te ostala tuguju\u0107a rodbina.<\/p>\n","protected":false},"excerpt":{"rendered":"<p>S tugom u srcu javljamo rodbini, prijateljima i znancima da nas je u nedjelju 21.04.2024. godine u 86. godini \u017eivota napustio na\u0161 voljeni ANTON&nbsp; &nbsp; &nbsp;VI\u0160KOVI\u0106 ( Toni iz Malih Turini )<\/p>\n","protected":false},"author":3,"featured_media":21592,"comment_status":"closed","ping_status":"closed","sticky":false,"template":"","format":"standard","meta":[],"categories":[3],"tags":[],"_links":{"self":[{"href":"https:\/\/prvimaj.hr\/index.php?rest_route=\/wp\/v2\/posts\/21593"}],"collection":[{"href":"https:\/\/prvimaj.hr\/index.php?rest_route=\/wp\/v2\/posts"}],"about":[{"href":"https:\/\/prvimaj.hr\/index.php?rest_route=\/wp\/v2\/types\/post"}],"author":[{"embeddable":true,"href":"https:\/\/prvimaj.hr\/index.php?rest_route=\/wp\/v2\/users\/3"}],"replies":[{"embeddable":true,"href":"https:\/\/prvimaj.hr\/index.php?rest_route=%2Fwp%2Fv2%2Fcomments&post=21593"}],"version-history":[{"count":3,"href":"https:\/\/prvimaj.hr\/index.php?rest_route=\/wp\/v2\/posts\/21593\/revisions"}],"predecessor-version":[{"id":21596,"href":"https:\/\/prvimaj.hr\/index.php?rest_route=\/wp\/v2\/posts\/21593\/revisions\/21596"}],"wp:featuredmedia":[{"embeddable":true,"href":"https:\/\/prvimaj.hr\/index.php?rest_route=\/wp\/v2\/media\/21592"}],"wp:attachment":[{"href":"https:\/\/prvimaj.hr\/index.php?rest_route=%2Fwp%2Fv2%2Fmedia&parent=21593"}],"wp:term":[{"taxonomy":"category","embeddable":true,"href":"https:\/\/prvimaj.hr\/index.php?rest_route=%2Fwp%2Fv2%2Fcategories&post=21593"},{"taxonomy":"post_tag","embeddable":true,"href":"https:\/\/prvimaj.hr\/index.php?rest_route=%2Fwp%2Fv2%2Ftags&post=21593"}],"curies":[{"name":"wp","href":"https:\/\/api.w.org\/{rel}","templated":true}]}}